{"id":2486,"date":"2019-02-08T09:49:19","date_gmt":"2019-02-08T07:49:19","guid":{"rendered":"https:\/\/christliche-mitte.de\/?p=2486"},"modified":"2019-02-08T10:51:30","modified_gmt":"2019-02-08T08:51:30","slug":"millionen-dollar-fuer-moschee-bau","status":"publish","type":"post","link":"https:\/\/christliche-mitte.de\/index.php\/2019\/02\/08\/millionen-dollar-fuer-moschee-bau\/","title":{"rendered":"Millionen Dollar f\u00fcr Moschee-Bau"},"content":{"rendered":"<p><strong>Die t\u00fcrkische Regierung gibt 2018\/19 Hunderte von Millionen Dollar f\u00fcr den Bau von Moscheen aus.<\/strong> Langfristig sollen sie der \u201eF\u00f6rderung des Islam in der ganzen Welt\u201c dienen.<\/p>\n<p>Besonders nicht-islamische L\u00e4nder sind das Ziel der gezielten Missionierung. Die christlichen \u201eUngl\u00e4ubigen\u201c sollen daf\u00fcr gewonnen werden, Muslime zu werden.<br \/>\nDie am <strong>29. September in K\u00f6ln von dem t\u00fcrkischen Pr\u00e4sidenten Erdogan er\u00f6ffnete Mo\u00adschee<\/strong> hat Platz f\u00fcr 1.200 Allah-Gl\u00e4ubige. Auf dem 17.000 qm Areal gibt es au\u00dferdem ein Einkaufszentrum, Seminarr\u00e4ume, eine Bibliothek und B\u00fcros. Deutschland hat nach Frankreich die zweitgr\u00f6\u00dfte muslimische Bev\u00f6lkerung in West-Europa. Die Ditib, der t\u00fcrkische Verband, der die K\u00f6lner Moschee baute, betreibt 2019 mehr als 900 Moscheen in Deutschland.<br \/>\n<strong>Gleichzeitig k\u00e4mpft Erdogan in der T\u00fcrkei scharf gegen Christen und das historisch-christliche Erbe:<\/strong> Das Halki-Seminar zur Ausbildung der christlich-orthodoxen Geistlichkeit, wurde geschlossen. Dadurch kann das Patriarchat von Konstantinopel nicht mehr Geistliche und auch keinen Patriarchen mehr stellen. Nachwuchs-Priester m\u00fcssen in Griechenland studieren. Hauptproblem ist, da\u00df das \u00d6kumenische Patriarchat in der T\u00fcrkei keine Rechtsperson ist und damit nicht gegen die Schikanen vor Gericht klagen kann.<br \/>\nCM-Buch: <a href=\"https:\/\/christliche-mitte.de\/index.php\/produkt\/moescheen-in-deutschland-stuetzpunkte-islamischer-eroberung\/\">Moscheen in Deutschland<\/a> (5 \u20ac)<\/p>\n","protected":false},"excerpt":{"rendered":"<p>Die t\u00fcrkische Regierung gibt 2018\/19 Hunderte von Millionen Dollar f\u00fcr den Bau von Moscheen aus. Langfristig sollen sie der \u201eF\u00f6rderung des Islam in der ganzen Welt\u201c dienen. Besonders nicht-islamische L\u00e4nder sind das Ziel der gezielten Missionierung. Die christlichen \u201eUngl\u00e4ubigen\u201c sollen daf\u00fcr gewonnen werden, Muslime zu werden. Die am 29. September in K\u00f6ln von dem t\u00fcrkischen&hellip;<\/p>\n","protected":false},"author":1,"featured_media":2024,"comment_status":"open","ping_status":"open","sticky":false,"template":"","format":"standard","meta":{"footnotes":""},"categories":[70,4],"tags":[],"class_list":["post-2486","post","type-post","status-publish","format-standard","has-post-thumbnail","hentry","category-islam","category-kurier-der-christlichen-mitte","entry"],"_links":{"self":[{"href":"https:\/\/christliche-mitte.de\/index.php\/wp-json\/wp\/v2\/posts\/2486","targetHints":{"allow":["GET"]}}],"collection":[{"href":"https:\/\/christliche-mitte.de\/index.php\/wp-json\/wp\/v2\/posts"}],"about":[{"href":"https:\/\/christliche-mitte.de\/index.php\/wp-json\/wp\/v2\/types\/post"}],"author":[{"embeddable":true,"href":"https:\/\/christliche-mitte.de\/index.php\/wp-json\/wp\/v2\/users\/1"}],"replies":[{"embeddable":true,"href":"https:\/\/christliche-mitte.de\/index.php\/wp-json\/wp\/v2\/comments?post=2486"}],"version-history":[{"count":1,"href":"https:\/\/christliche-mitte.de\/index.php\/wp-json\/wp\/v2\/posts\/2486\/revisions"}],"predecessor-version":[{"id":2487,"href":"https:\/\/christliche-mitte.de\/index.php\/wp-json\/wp\/v2\/posts\/2486\/revisions\/2487"}],"wp:featuredmedia":[{"embeddable":true,"href":"https:\/\/christliche-mitte.de\/index.php\/wp-json\/wp\/v2\/media\/2024"}],"wp:attachment":[{"href":"https:\/\/christliche-mitte.de\/index.php\/wp-json\/wp\/v2\/media?parent=2486"}],"wp:term":[{"taxonomy":"category","embeddable":true,"href":"https:\/\/christliche-mitte.de\/index.php\/wp-json\/wp\/v2\/categories?post=2486"},{"taxonomy":"post_tag","embeddable":true,"href":"https:\/\/christliche-mitte.de\/index.php\/wp-json\/wp\/v2\/tags?post=2486"}],"curies":[{"name":"wp","href":"https:\/\/api.w.org\/{rel}","templated":true}]}}