{"id":237,"date":"2017-10-07T19:44:58","date_gmt":"2017-10-07T17:44:58","guid":{"rendered":"https:\/\/christliche-mitte.de\/?p=237"},"modified":"2025-09-18T22:22:38","modified_gmt":"2025-09-18T20:22:38","slug":"rossapfel-fuer-domleitung","status":"publish","type":"post","link":"https:\/\/christliche-mitte.de\/index.php\/2017\/10\/07\/rossapfel-fuer-domleitung\/","title":{"rendered":"Rossapfel f\u00fcr Domleitung"},"content":{"rendered":"<p>7.000 Lebens-Bejahern in Berlin wurde 2015 der protestantische Dom f\u00fcr die Schluss-Andacht verweigert. Obendrein wurden diese durch Glockengel\u00e4ut gest\u00f6rt. Der KURIER verleiht den Verantwortlichen f\u00fcr diese Lebensfeindlichkeit den \u201eGoldenen Rossapfel\u201c. Der n\u00e4chste \u201eLebensmarsch\u201c ist Samstag (17.9.), 13 Uhr, beginnend am Bundeskanzleramt.<\/p>\n","protected":false},"excerpt":{"rendered":"<p>7.000 Lebens-Bejahern in Berlin wurde 2015 der protestantische Dom f\u00fcr die Schluss-Andacht verweigert. Obendrein wurden diese durch Glockengel\u00e4ut gest\u00f6rt. Der KURIER verleiht den Verantwortlichen f\u00fcr diese Lebensfeindlichkeit den \u201eGoldenen Rossapfel\u201c. Der n\u00e4chste \u201eLebensmarsch\u201c ist Samstag (17.9.), 13 Uhr, beginnend am Bundeskanzleramt.<\/p>\n","protected":false},"author":1,"featured_media":0,"comment_status":"closed","ping_status":"closed","sticky":false,"template":"","format":"standard","meta":{"footnotes":""},"categories":[63],"tags":[24,90],"class_list":["post-237","post","type-post","status-publish","format-standard","hentry","category-lebensschutz-aller-menschen","tag-rossapfel-domleitung-berlin","tag-verleihung-des-rossapfel-der-christlichen-mitte","no-post-thumbnail","entry"],"_links":{"self":[{"href":"https:\/\/christliche-mitte.de\/index.php\/wp-json\/wp\/v2\/posts\/237","targetHints":{"allow":["GET"]}}],"collection":[{"href":"https:\/\/christliche-mitte.de\/index.php\/wp-json\/wp\/v2\/posts"}],"about":[{"href":"https:\/\/christliche-mitte.de\/index.php\/wp-json\/wp\/v2\/types\/post"}],"author":[{"embeddable":true,"href":"https:\/\/christliche-mitte.de\/index.php\/wp-json\/wp\/v2\/users\/1"}],"replies":[{"embeddable":true,"href":"https:\/\/christliche-mitte.de\/index.php\/wp-json\/wp\/v2\/comments?post=237"}],"version-history":[{"count":1,"href":"https:\/\/christliche-mitte.de\/index.php\/wp-json\/wp\/v2\/posts\/237\/revisions"}],"predecessor-version":[{"id":238,"href":"https:\/\/christliche-mitte.de\/index.php\/wp-json\/wp\/v2\/posts\/237\/revisions\/238"}],"wp:attachment":[{"href":"https:\/\/christliche-mitte.de\/index.php\/wp-json\/wp\/v2\/media?parent=237"}],"wp:term":[{"taxonomy":"category","embeddable":true,"href":"https:\/\/christliche-mitte.de\/index.php\/wp-json\/wp\/v2\/categories?post=237"},{"taxonomy":"post_tag","embeddable":true,"href":"https:\/\/christliche-mitte.de\/index.php\/wp-json\/wp\/v2\/tags?post=237"}],"curies":[{"name":"wp","href":"https:\/\/api.w.org\/{rel}","templated":true}]}}