{"id":225,"date":"2017-10-04T22:47:50","date_gmt":"2017-10-04T20:47:50","guid":{"rendered":"https:\/\/christliche-mitte.de\/?p=225"},"modified":"2017-10-07T19:21:28","modified_gmt":"2017-10-07T17:21:28","slug":"ein-grosser-christlicher-denker","status":"publish","type":"post","link":"https:\/\/christliche-mitte.de\/index.php\/2017\/10\/04\/ein-grosser-christlicher-denker\/","title":{"rendered":"Ein gro\u00dfer christlicher Denker"},"content":{"rendered":"<p>Josef Pieper ist einer der bedeutendsten Menschen, die mir je begegnet sind. Ihm verdanke ich unendlich viel.<\/p>\n<p>Als ich ihn zum ersten Mal sah, kannte ich ihn schon. Ein Freund hatte mir sein kleines Buch \u201eVom Sinn der Tapferkeit\u201c geschenkt, das mich zu einem Pieper-Fan machte. Und dann betrat er selbst den H\u00f6rsaal, gro\u00df, etwas gebeugt, aber irgendwie herrscherlich.<\/p>\n<p>Wor\u00fcber er gesprochen hat, wei\u00df ich nicht mehr. Ich war fasziniert von seinem Vortrag und seiner Pers\u00f6nlichkeit. Aber er wird vom Menschen gesprochen haben, dem Thema seines Lebens. Doch nicht vom Menschen an sich, sondern vom Richtigsein des Menschen. Wann aber ist der Mensch \u201erichtig\u201c? Wann ist er wahrhaft \u201ein Ordnung\u201c? Dann, wenn er klug ist, gerecht, tapfer und ma\u00dfvoll.<\/p>\n<p>So aber kommt keiner auf die Welt, das mu\u00df jeder erst lernen. Diese nat\u00fcrlichen Eigenschaften m\u00fcssen aber noch erh\u00f6ht, bzw. gekr\u00f6nt werden durch die \u00fcbernat\u00fcrlichen Verm\u00f6gen Glaube, Hoffnung und Liebe. Erst dann ist der Mensch ganz richtig, ganz in Ordnung. \u2013 Der Mensch ist aber nicht nur eine sittliche Person, er hat auch Kultur, Sprache, Kunst, Musik, Wissenschaft, Technik, Staat, Recht usw. Auch das alles geh\u00f6rt zum Thema Piepers. Und so ist der Mensch der universalste \u201eGegenstand\u201c, den man sich w\u00e4hlen kann.<\/p>\n<p>Dabei legt Pieper keinerlei Wert darauf, etwas Neues zu sagen. Vielmehr bringt er die gesamte abendl\u00e4ndische Tradition zur Sprache. Denn er glaubt, da\u00df alles Wesentliche \u00fcber den Menschen schon gefunden worden ist. Vieles davon steht bei Thomas von Aquin (\u2020 1274), den zu zitieren, er nicht m\u00fcde wird. Und alles in gr\u00f6\u00dfter sprachlicher Pr\u00e4zision und glasklaren S\u00e4tzen.<\/p>\n<p>Josef Pieper hat alles, was er lehrte, auch gelebt. Er ist das Gestalt gewordene alte Wahre. Und nicht zuletzt darin besteht seine Faszination und Gr\u00f6\u00dfe. Am 6. November vor zwanzig Jahren ist er in die Ewigkeit gegangen.<br \/>\n<span style=\"color: #999999;\"><em>Werner J. Mertensacker<\/em><\/span><\/p>\n<p><strong>Ein Band mit allen sieben B\u00fcchern<\/strong> Piepers \u00fcber die Tugenden ist im Buchhandel erh\u00e4ltlich. ISBN 987-3-7873-1782-0, Verlag Felix Meiner, 435 S., 29,90 Euro, Tel. 040-29 87 56-41<\/p>\n","protected":false},"excerpt":{"rendered":"<p>Josef Pieper ist einer der bedeutendsten Menschen, die mir je begegnet sind. Ihm verdanke ich unendlich viel. Als ich ihn zum ersten Mal sah, kannte ich ihn schon. Ein Freund hatte mir sein kleines Buch \u201eVom Sinn der Tapferkeit\u201c geschenkt, das mich zu einem Pieper-Fan machte. Und dann betrat er selbst den H\u00f6rsaal, gro\u00df, etwas&hellip;<\/p>\n","protected":false},"author":1,"featured_media":0,"comment_status":"open","ping_status":"open","sticky":false,"template":"","format":"standard","meta":{"footnotes":""},"categories":[21],"tags":[],"class_list":["post-225","post","type-post","status-publish","format-standard","hentry","category-religionen","no-post-thumbnail","entry"],"_links":{"self":[{"href":"https:\/\/christliche-mitte.de\/index.php\/wp-json\/wp\/v2\/posts\/225","targetHints":{"allow":["GET"]}}],"collection":[{"href":"https:\/\/christliche-mitte.de\/index.php\/wp-json\/wp\/v2\/posts"}],"about":[{"href":"https:\/\/christliche-mitte.de\/index.php\/wp-json\/wp\/v2\/types\/post"}],"author":[{"embeddable":true,"href":"https:\/\/christliche-mitte.de\/index.php\/wp-json\/wp\/v2\/users\/1"}],"replies":[{"embeddable":true,"href":"https:\/\/christliche-mitte.de\/index.php\/wp-json\/wp\/v2\/comments?post=225"}],"version-history":[{"count":1,"href":"https:\/\/christliche-mitte.de\/index.php\/wp-json\/wp\/v2\/posts\/225\/revisions"}],"predecessor-version":[{"id":226,"href":"https:\/\/christliche-mitte.de\/index.php\/wp-json\/wp\/v2\/posts\/225\/revisions\/226"}],"wp:attachment":[{"href":"https:\/\/christliche-mitte.de\/index.php\/wp-json\/wp\/v2\/media?parent=225"}],"wp:term":[{"taxonomy":"category","embeddable":true,"href":"https:\/\/christliche-mitte.de\/index.php\/wp-json\/wp\/v2\/categories?post=225"},{"taxonomy":"post_tag","embeddable":true,"href":"https:\/\/christliche-mitte.de\/index.php\/wp-json\/wp\/v2\/tags?post=225"}],"curies":[{"name":"wp","href":"https:\/\/api.w.org\/{rel}","templated":true}]}}