{"id":2168,"date":"2019-01-10T18:52:09","date_gmt":"2019-01-10T16:52:09","guid":{"rendered":"https:\/\/christliche-mitte.de\/?p=2168"},"modified":"2019-01-10T23:28:28","modified_gmt":"2019-01-10T21:28:28","slug":"minister-weckt-australien-auf","status":"publish","type":"post","link":"https:\/\/christliche-mitte.de\/index.php\/2019\/01\/10\/minister-weckt-australien-auf\/","title":{"rendered":"Minister weckt Australien auf"},"content":{"rendered":"\r\n<p>Mit 85 l\u00e4\u00dft sich Bill Hayden, australischer Au\u00dfenminister a.D., taufen. Ein mutiger Schritt, denn bisher gilt der prominente Atheist als eine Art Vorbild f\u00fcr ein F\u00fcnftel der 23 Millionen Australier, die sich \u201eareligi\u00f6s\u201c nennen.<\/p>\r\n\r\n\r\n\r\n<p>Wie findet er zu GOTT? Wie fast bei jeder Bekehrung existieren neben der GOTTES-Erfahrung auch \u00e4u\u00dfere Anst\u00f6\u00dfe: Hayden nennt neben selbstlosen Ordensfrauen seine fromme katholische Mutter. Aber auch ein Vergleich mit dem Islam habe ihn bewegt: Dieser sei eine Sammlung von Regeln, beim Christsein dagegen gehe es um Liebe, Hilfe und Vers\u00f6hnung. Die Taufe von Bill Hayden in einer katholischen Marienkirche findet auch deshalb besondere Beachtung, weil zur Zeit die Kirche in Australien intensiv an\u00adgegriffen ist. Ab 2019 m\u00fcssen Beichtv\u00e4ter schwere sexuelle Vergehen vor staatlichen Beh\u00f6rden offenlegen \u2013 das Brechen des Beichtgeheimnisses wird erzwungen. Dennoch \u00e4u\u00dfert der alte T\u00e4ufling Bill Hayden: \u201eVon nun an bin ich ein Zeuge f\u00fcr GOTT.\u201c Als ehemaliger Vorsitzender der Sozialdemokraten Australiens be\u00adkennt er offen: \u201eSeit l\u00e4ngerer Zeit nagt an meiner Seele die Frage nach dem Sinn des Lebens.\u201c Auf kirchliche Skandale hin angesprochen, entgegnet er: \u201eWir d\u00fcrfen unseren Glauben nicht von solchen Personen untergraben lassen, die nicht so gut sind, wie sie sein sollten.\u201c CM-Verteil-Brosch\u00fcre: Katholiken antworten (10 St\u00fcck 20 \u20ac)<\/p>\r\n","protected":false},"excerpt":{"rendered":"<p>Mit 85 l\u00e4\u00dft sich Bill Hayden, australischer Au\u00dfenminister a.D., taufen. Ein mutiger Schritt, denn bisher gilt der prominente Atheist als eine Art Vorbild f\u00fcr ein F\u00fcnftel der 23 Millionen Australier, die sich \u201eareligi\u00f6s\u201c nennen. Wie findet er zu GOTT? Wie fast bei jeder Bekehrung existieren neben der GOTTES-Erfahrung auch \u00e4u\u00dfere Anst\u00f6\u00dfe: Hayden nennt neben selbstlosen&hellip;<\/p>\n","protected":false},"author":1,"featured_media":2169,"comment_status":"open","ping_status":"open","sticky":true,"template":"","format":"standard","meta":{"footnotes":""},"categories":[71,4],"tags":[],"class_list":["post-2168","post","type-post","status-publish","format-standard","has-post-thumbnail","hentry","category-christus-glaube","category-kurier-der-christlichen-mitte","entry"],"_links":{"self":[{"href":"https:\/\/christliche-mitte.de\/index.php\/wp-json\/wp\/v2\/posts\/2168","targetHints":{"allow":["GET"]}}],"collection":[{"href":"https:\/\/christliche-mitte.de\/index.php\/wp-json\/wp\/v2\/posts"}],"about":[{"href":"https:\/\/christliche-mitte.de\/index.php\/wp-json\/wp\/v2\/types\/post"}],"author":[{"embeddable":true,"href":"https:\/\/christliche-mitte.de\/index.php\/wp-json\/wp\/v2\/users\/1"}],"replies":[{"embeddable":true,"href":"https:\/\/christliche-mitte.de\/index.php\/wp-json\/wp\/v2\/comments?post=2168"}],"version-history":[{"count":2,"href":"https:\/\/christliche-mitte.de\/index.php\/wp-json\/wp\/v2\/posts\/2168\/revisions"}],"predecessor-version":[{"id":2177,"href":"https:\/\/christliche-mitte.de\/index.php\/wp-json\/wp\/v2\/posts\/2168\/revisions\/2177"}],"wp:featuredmedia":[{"embeddable":true,"href":"https:\/\/christliche-mitte.de\/index.php\/wp-json\/wp\/v2\/media\/2169"}],"wp:attachment":[{"href":"https:\/\/christliche-mitte.de\/index.php\/wp-json\/wp\/v2\/media?parent=2168"}],"wp:term":[{"taxonomy":"category","embeddable":true,"href":"https:\/\/christliche-mitte.de\/index.php\/wp-json\/wp\/v2\/categories?post=2168"},{"taxonomy":"post_tag","embeddable":true,"href":"https:\/\/christliche-mitte.de\/index.php\/wp-json\/wp\/v2\/tags?post=2168"}],"curies":[{"name":"wp","href":"https:\/\/api.w.org\/{rel}","templated":true}]}}