{"id":21,"date":"2016-08-07T07:33:49","date_gmt":"2016-08-07T07:33:49","guid":{"rendered":"https:\/\/christliche-mitte.de\/?p=21"},"modified":"2019-02-05T00:17:35","modified_gmt":"2019-02-04T22:17:35","slug":"isis-verfolgt-zuerst-christen","status":"publish","type":"post","link":"https:\/\/christliche-mitte.de\/index.php\/2016\/08\/07\/isis-verfolgt-zuerst-christen\/","title":{"rendered":"ISIS verfolgt zuerst Christen"},"content":{"rendered":"<p>Auf der Flucht vor ISIS ist das syrische 15.000-Seelen-St\u00e4dtchen Sadad. Koran-Aufforderungen gegen Christen entz\u00fcnden Hass.<\/p>\n<p>Schon beim Propheten Ezechiel (600 v.CHR.) ist Sadad erw\u00e4hnt, einer der Orte, wo bis heute die aram\u00e4ische Muttersprache JESU lebendig ist.<\/p>\n<p>Christen wagen sich nicht in versorgte und von Muslimen be\u00adherrschte Fl\u00fcchtlings-Lager, weil sie auch dort Ziel von Angriffen sind. Christliche Libanesen fordern deshalb die an Land, Arbeit und \u00d6l-Geld reichen islamischen Golfstaaten auf, endlich auch muslimische Fl\u00fcchtlinge aufzunehmen. Die teurer gewordenen Lebensmittel\u00a0 sind von \u00e4rmeren Libanesen kaum noch<\/p>\n<p>zu bezahlen.<\/p>\n<p>Im Ausland wird etwa jeder 10. Fl\u00fcchtling straff\u00e4llig, sch\u00e4tzt der \u201eBund Deutscher Kriminalbeamter\u201c, weil die meist jungen Leute wenig Lebens-Hoffnung haben. Mehr als 3000 mutma\u00dfliche Schleuser wurden 2015 festgenommen, unter ihnen etwa 150 Deutsche<\/p>\n","protected":false},"excerpt":{"rendered":"<p>Auf der Flucht vor ISIS ist das syrische 15.000-Seelen-St\u00e4dtchen Sadad. Koran-Aufforderungen gegen Christen entz\u00fcnden Hass. Schon beim Propheten Ezechiel (600 v.CHR.) ist Sadad erw\u00e4hnt, einer der Orte, wo bis heute die aram\u00e4ische Muttersprache JESU lebendig ist. Christen wagen sich nicht in versorgte und von Muslimen be\u00adherrschte Fl\u00fcchtlings-Lager, weil sie auch dort Ziel von Angriffen sind.&hellip;<\/p>\n","protected":false},"author":1,"featured_media":15,"comment_status":"open","ping_status":"open","sticky":false,"template":"","format":"standard","meta":{"footnotes":""},"categories":[21],"tags":[6,5],"class_list":["post-21","post","type-post","status-publish","format-standard","has-post-thumbnail","hentry","category-religionen","tag-christliche-mitte","tag-kurier","entry"],"_links":{"self":[{"href":"https:\/\/christliche-mitte.de\/index.php\/wp-json\/wp\/v2\/posts\/21","targetHints":{"allow":["GET"]}}],"collection":[{"href":"https:\/\/christliche-mitte.de\/index.php\/wp-json\/wp\/v2\/posts"}],"about":[{"href":"https:\/\/christliche-mitte.de\/index.php\/wp-json\/wp\/v2\/types\/post"}],"author":[{"embeddable":true,"href":"https:\/\/christliche-mitte.de\/index.php\/wp-json\/wp\/v2\/users\/1"}],"replies":[{"embeddable":true,"href":"https:\/\/christliche-mitte.de\/index.php\/wp-json\/wp\/v2\/comments?post=21"}],"version-history":[{"count":0,"href":"https:\/\/christliche-mitte.de\/index.php\/wp-json\/wp\/v2\/posts\/21\/revisions"}],"wp:featuredmedia":[{"embeddable":true,"href":"https:\/\/christliche-mitte.de\/index.php\/wp-json\/wp\/v2\/media\/15"}],"wp:attachment":[{"href":"https:\/\/christliche-mitte.de\/index.php\/wp-json\/wp\/v2\/media?parent=21"}],"wp:term":[{"taxonomy":"category","embeddable":true,"href":"https:\/\/christliche-mitte.de\/index.php\/wp-json\/wp\/v2\/categories?post=21"},{"taxonomy":"post_tag","embeddable":true,"href":"https:\/\/christliche-mitte.de\/index.php\/wp-json\/wp\/v2\/tags?post=21"}],"curies":[{"name":"wp","href":"https:\/\/api.w.org\/{rel}","templated":true}]}}