{"id":1808,"date":"2018-10-04T15:15:35","date_gmt":"2018-10-04T13:15:35","guid":{"rendered":"https:\/\/christliche-mitte.de\/?p=1808"},"modified":"2018-10-04T15:15:35","modified_gmt":"2018-10-04T13:15:35","slug":"mutige-tirolerin","status":"publish","type":"post","link":"https:\/\/christliche-mitte.de\/index.php\/2018\/10\/04\/mutige-tirolerin\/","title":{"rendered":"Mutige Tirolerin"},"content":{"rendered":"<p class=\"GrundtextVorspann2017\">Die Tochter von Sandra W. kommt aus der Schule. Das elfj\u00e4hrige M\u00e4dchen sieht bla\u00df aus. Ihm ist \u00fcbel. \u201eWas ist los?\u201c fragt die besorgte Mutter.<\/p>\n<p class=\"Grundtext2017\">Stockend berichtet das Kind, was f\u00fcr einen abscheulichen Fragebogen es ausf\u00fcllen mu\u00dfte. Es geht um perverse Sexual-Praktiken. \u201eUnterste Schublade!\u201c rutscht es Sandra W. heraus.<br \/>\nSie fackelt nicht lange, greift zum Telefon: Schule, Polizei, Presse. Die ausweichende Antwort der Tiroler Schule: <a href=\"https:\/\/schutzinitiative.ch\/wp-content\/uploads\/2018\/07\/KSI_24_DT_Web.pdf\">\u201eFachliteratur aus Deutschland<\/a>.\u201c<br \/>\nDie daraufhin kontaktierte Landesschulr\u00e4tin Dr. <span class=\"Grundfett\">Palfrader<\/span> ordnet ein Verbot dieser deutschen \u201aFachliteratur\u2018 an. Und: Eltern m\u00fcssen immer zuvor befragt werden.<br \/>\n<span class=\"Grundkurisv\"><strong>Danke, Frau Sandra W<\/strong>.!<br \/>\n<strong>Danke, Frau Dr. Palfrader!<\/strong><br \/>\nSie nehmen Verantwortung wahr.<\/span><\/p>\n","protected":false},"excerpt":{"rendered":"<p>Die Tochter von Sandra W. kommt aus der Schule. Das elfj\u00e4hrige M\u00e4dchen sieht bla\u00df aus. Ihm ist \u00fcbel. \u201eWas ist los?\u201c fragt die besorgte Mutter. Stockend berichtet das Kind, was f\u00fcr einen abscheulichen Fragebogen es ausf\u00fcllen mu\u00dfte. Es geht um perverse Sexual-Praktiken. \u201eUnterste Schublade!\u201c rutscht es Sandra W. heraus. Sie fackelt nicht lange, greift zum&hellip;<\/p>\n","protected":false},"author":1,"featured_media":0,"comment_status":"open","ping_status":"open","sticky":false,"template":"","format":"standard","meta":{"footnotes":""},"categories":[54],"tags":[],"class_list":["post-1808","post","type-post","status-publish","format-standard","hentry","category-gender-sexualitaet","no-post-thumbnail","entry"],"_links":{"self":[{"href":"https:\/\/christliche-mitte.de\/index.php\/wp-json\/wp\/v2\/posts\/1808","targetHints":{"allow":["GET"]}}],"collection":[{"href":"https:\/\/christliche-mitte.de\/index.php\/wp-json\/wp\/v2\/posts"}],"about":[{"href":"https:\/\/christliche-mitte.de\/index.php\/wp-json\/wp\/v2\/types\/post"}],"author":[{"embeddable":true,"href":"https:\/\/christliche-mitte.de\/index.php\/wp-json\/wp\/v2\/users\/1"}],"replies":[{"embeddable":true,"href":"https:\/\/christliche-mitte.de\/index.php\/wp-json\/wp\/v2\/comments?post=1808"}],"version-history":[{"count":1,"href":"https:\/\/christliche-mitte.de\/index.php\/wp-json\/wp\/v2\/posts\/1808\/revisions"}],"predecessor-version":[{"id":1809,"href":"https:\/\/christliche-mitte.de\/index.php\/wp-json\/wp\/v2\/posts\/1808\/revisions\/1809"}],"wp:attachment":[{"href":"https:\/\/christliche-mitte.de\/index.php\/wp-json\/wp\/v2\/media?parent=1808"}],"wp:term":[{"taxonomy":"category","embeddable":true,"href":"https:\/\/christliche-mitte.de\/index.php\/wp-json\/wp\/v2\/categories?post=1808"},{"taxonomy":"post_tag","embeddable":true,"href":"https:\/\/christliche-mitte.de\/index.php\/wp-json\/wp\/v2\/tags?post=1808"}],"curies":[{"name":"wp","href":"https:\/\/api.w.org\/{rel}","templated":true}]}}