{"id":1732,"date":"2018-08-31T13:25:56","date_gmt":"2018-08-31T11:25:56","guid":{"rendered":"https:\/\/christliche-mitte.de\/?p=1732"},"modified":"2018-08-31T13:30:58","modified_gmt":"2018-08-31T11:30:58","slug":"kruzifix-am-kreuz-befestigt","status":"publish","type":"post","link":"https:\/\/christliche-mitte.de\/index.php\/2018\/08\/31\/kruzifix-am-kreuz-befestigt\/","title":{"rendered":"Kruzifix: Am Kreuz befestigt"},"content":{"rendered":"<p><span style=\"color: #000000;\">Ob mit oder ohne symbolhafter Darstellung: Das Kreuz ist untrennbar mit JESUS CHRISTUS und der Nachfolge JESU verbunden.<\/span><\/p>\n<p><span style=\"color: #000000;\">\u201eKRUZIFIXUS\u201c hei\u00dft: \u201eDer Gekreuzigte\u201c. Gemeint ist JESUS CHRISTUS. Seine Wundmale beh\u00e4lt der GOTT-Mensch auch nach Seiner Auferstehung von den Toten in alle Ewigkeit. Die J\u00fcnger sehen sie: Der Apostel Thomas darf sogar seine H\u00e4nde in die Wundes des verkl\u00e4rten Leibes JESU legen. Darum ist es eine Verdeutlichung, wenn Kreuz-Darstellungen auch den am Kreuz angehefteten GOTT-Menschen zeigen.<\/span><\/p>\n<p>Jedes Kreuz erinnert bis heute an die Erl\u00f6sungstat JESU. Das wissen die Gegner des Kreuzes. Aber sie k\u00f6nnen die 2.000 j\u00e4hrige Geschichte Europas mit ihrer Pr\u00e4gung durch den christlichen Glauben nicht ausl\u00f6schen &#8211; zu tief die Formung von Lebensart und Religiosit\u00e4t, Recht und Sprache, Kunst und Architektur, Musik und Wissenschaft durch den Glauben an JESUS CHRISTUS. Die gesamte Bildung, ja der Europ\u00e4er selbst, ist mehr vom Kreuz und Kreuzesglauben gepr\u00e4gt, als er es ahnt. Gerade die j\u00fcngere Generation belebt die alten Traditionen mit Herzblut wieder &#8211; entgegen allen Verweltlichungstendenzen heute.<\/p>\n<p><span style=\"color: #000000;\">Die christliche Kultur pr\u00e4gt uns bis tief in unsere Vorstellungen und Br\u00e4uche hinein, auch wenn r\u00f6misches Recht, griechische Philosophie und germanische Lebensweise den Europ\u00e4er mitgeformt haben. Christliche Martyrer und Missionare legten die Wurzeln. Noch zehren wir von christlichen Vorgaben und Grundwerten, die alle begr\u00fcndet sind in dem Wissen:<br \/>\nNur durch die freiwillige und liebende Annahme des Kreuzes im Alltag findet die Seele zu GOTT. In Stille getragenes Leid wird verkl\u00e4rtes Leid. \u201eWer nicht sein Kreuz auf sich nimmt und Mir nachfolgt, ist Meiner nicht wert\u201c, mahnt JESUS, der gr\u00f6\u00dfte Kreuz-Tr\u00e4ger aller Zeiten. Deshalb ist jeder heute wichtig, der die Menschen an diese Wahrheit erinnert. Greifen Sie in den Kreuz-Kampf ein! <em><br \/>\n<\/em><\/span><span style=\"color: #999999;\"><em>Pfr. Winfried Pietrek<\/em><\/span><\/p>\n<p><span style=\"color: #000000;\"><em><strong>CM-Verteilblatt:<\/strong> <a href=\"https:\/\/christliche-mitte.de\/index.php\/produkt\/kreuz-kampf\/\">Bekenntnis zum Kreuz!<\/a><\/em><\/span><\/p>\n<p><span style=\"color: #000000;\"><em>\u00a0<\/em><\/span><\/p>\n","protected":false},"excerpt":{"rendered":"<p>Ob mit oder ohne symbolhafter Darstellung: Das Kreuz ist untrennbar mit JESUS CHRISTUS und der Nachfolge JESU verbunden. \u201eKRUZIFIXUS\u201c hei\u00dft: \u201eDer Gekreuzigte\u201c. Gemeint ist JESUS CHRISTUS. Seine Wundmale beh\u00e4lt der GOTT-Mensch auch nach Seiner Auferstehung von den Toten in alle Ewigkeit. Die J\u00fcnger sehen sie: Der Apostel Thomas darf sogar seine H\u00e4nde in die Wundes&hellip;<\/p>\n","protected":false},"author":1,"featured_media":1491,"comment_status":"open","ping_status":"open","sticky":false,"template":"","format":"standard","meta":{"footnotes":""},"categories":[71],"tags":[],"class_list":["post-1732","post","type-post","status-publish","format-standard","has-post-thumbnail","hentry","category-christus-glaube","entry"],"_links":{"self":[{"href":"https:\/\/christliche-mitte.de\/index.php\/wp-json\/wp\/v2\/posts\/1732","targetHints":{"allow":["GET"]}}],"collection":[{"href":"https:\/\/christliche-mitte.de\/index.php\/wp-json\/wp\/v2\/posts"}],"about":[{"href":"https:\/\/christliche-mitte.de\/index.php\/wp-json\/wp\/v2\/types\/post"}],"author":[{"embeddable":true,"href":"https:\/\/christliche-mitte.de\/index.php\/wp-json\/wp\/v2\/users\/1"}],"replies":[{"embeddable":true,"href":"https:\/\/christliche-mitte.de\/index.php\/wp-json\/wp\/v2\/comments?post=1732"}],"version-history":[{"count":2,"href":"https:\/\/christliche-mitte.de\/index.php\/wp-json\/wp\/v2\/posts\/1732\/revisions"}],"predecessor-version":[{"id":1734,"href":"https:\/\/christliche-mitte.de\/index.php\/wp-json\/wp\/v2\/posts\/1732\/revisions\/1734"}],"wp:featuredmedia":[{"embeddable":true,"href":"https:\/\/christliche-mitte.de\/index.php\/wp-json\/wp\/v2\/media\/1491"}],"wp:attachment":[{"href":"https:\/\/christliche-mitte.de\/index.php\/wp-json\/wp\/v2\/media?parent=1732"}],"wp:term":[{"taxonomy":"category","embeddable":true,"href":"https:\/\/christliche-mitte.de\/index.php\/wp-json\/wp\/v2\/categories?post=1732"},{"taxonomy":"post_tag","embeddable":true,"href":"https:\/\/christliche-mitte.de\/index.php\/wp-json\/wp\/v2\/tags?post=1732"}],"curies":[{"name":"wp","href":"https:\/\/api.w.org\/{rel}","templated":true}]}}