{"id":1653,"date":"2018-07-26T15:47:25","date_gmt":"2018-07-26T13:47:25","guid":{"rendered":"https:\/\/christliche-mitte.de\/?p=1653"},"modified":"2018-07-26T16:04:04","modified_gmt":"2018-07-26T14:04:04","slug":"august-2018","status":"publish","type":"post","link":"https:\/\/christliche-mitte.de\/index.php\/2018\/07\/26\/august-2018\/","title":{"rendered":"August 2018"},"content":{"rendered":"<h4><strong>\u00d6sterreich zeigt Flagge<\/strong><\/h4>\n<p>60 widerrechtlich von der T\u00fcrkei aus bezahlte Imame wurden aus \u00d6sterreich verwiesen. 7 Mo\u00adsche\u00aden ist der Betrieb versagt. Weitere stehen unter Beobachtung.<\/p>\n<hr \/>\n<h4><strong>Ein Blick auf Deutschland<\/strong><\/h4>\n<p>In Berlin leben mehr Muslime (10%) als Katholiken (9%). Die Zahl der Protestanten ist in den letzten 14 Jahren von 23% auf 17% gesunken.<\/p>\n<p>40.000 Gef\u00e4ngnis-Bibeln stellte die katholische Kirche dieses Jahr zur Verf\u00fcgung. Auch die Seele braucht Heilung!<\/p>\n<hr \/>\n<h4><strong>Kreuz \u00fcber Dresden<\/strong><\/h4>\n<p>Von 1945 bis 2005 fehlte das Kreuz auf Dresdens zerst\u00f6rter Frauenkirche. Dann schmiedete der Sohn eines der damaligen britischen Bomber-Piloten ein neues Kreuz. 2018 thront es wieder auf der Kuppel. CM-Verteilblatt:<br \/>\n<a href=\"https:\/\/christliche-mitte.de\/index.php\/2018\/07\/25\/das-kreuz-als-lebenszeichen\/\"><strong>JA zum Kreuz!<\/strong><\/a><\/p>\n<hr \/>\n<h4 class=\"berschriftklein2017\"><strong>Gebets-Aufruf<\/strong><\/h4>\n<p class=\"Grundtext2017\">Pater Juan <span class=\"Grundfett\">Miguel Contreras Carcia<\/span> (33) wird 2018 in Mexiko ermordet. Zwei Unbekannte schossen ihn in der Sakristei nieder. Mexiko gilt als eines der gef\u00e4hrlichsten L\u00e4nder f\u00fcr Priester. Seit 2012 wurden 22 Morde an Klerikern gez\u00e4hlt. <span class=\"Grundkurisv\">Helfen Sie durch Ihr Gebet: CM-Notgebete f\u00fcr Verfolgte.<br \/>\n<\/span><\/p>\n<hr \/>\n<p class=\"Grundtext2017\">\n","protected":false},"excerpt":{"rendered":"<p>\u00d6sterreich zeigt Flagge 60 widerrechtlich von der T\u00fcrkei aus bezahlte Imame wurden aus \u00d6sterreich verwiesen. 7 Mo\u00adsche\u00aden ist der Betrieb versagt. Weitere stehen unter Beobachtung. Ein Blick auf Deutschland In Berlin leben mehr Muslime (10%) als Katholiken (9%). Die Zahl der Protestanten ist in den letzten 14 Jahren von 23% auf 17% gesunken. 40.000 Gef\u00e4ngnis-Bibeln&hellip;<\/p>\n","protected":false},"author":1,"featured_media":1655,"comment_status":"open","ping_status":"open","sticky":false,"template":"","format":"standard","meta":{"footnotes":""},"categories":[22],"tags":[],"class_list":["post-1653","post","type-post","status-publish","format-standard","has-post-thumbnail","hentry","category-kurze-beitraege","entry"],"_links":{"self":[{"href":"https:\/\/christliche-mitte.de\/index.php\/wp-json\/wp\/v2\/posts\/1653","targetHints":{"allow":["GET"]}}],"collection":[{"href":"https:\/\/christliche-mitte.de\/index.php\/wp-json\/wp\/v2\/posts"}],"about":[{"href":"https:\/\/christliche-mitte.de\/index.php\/wp-json\/wp\/v2\/types\/post"}],"author":[{"embeddable":true,"href":"https:\/\/christliche-mitte.de\/index.php\/wp-json\/wp\/v2\/users\/1"}],"replies":[{"embeddable":true,"href":"https:\/\/christliche-mitte.de\/index.php\/wp-json\/wp\/v2\/comments?post=1653"}],"version-history":[{"count":10,"href":"https:\/\/christliche-mitte.de\/index.php\/wp-json\/wp\/v2\/posts\/1653\/revisions"}],"predecessor-version":[{"id":1664,"href":"https:\/\/christliche-mitte.de\/index.php\/wp-json\/wp\/v2\/posts\/1653\/revisions\/1664"}],"wp:featuredmedia":[{"embeddable":true,"href":"https:\/\/christliche-mitte.de\/index.php\/wp-json\/wp\/v2\/media\/1655"}],"wp:attachment":[{"href":"https:\/\/christliche-mitte.de\/index.php\/wp-json\/wp\/v2\/media?parent=1653"}],"wp:term":[{"taxonomy":"category","embeddable":true,"href":"https:\/\/christliche-mitte.de\/index.php\/wp-json\/wp\/v2\/categories?post=1653"},{"taxonomy":"post_tag","embeddable":true,"href":"https:\/\/christliche-mitte.de\/index.php\/wp-json\/wp\/v2\/tags?post=1653"}],"curies":[{"name":"wp","href":"https:\/\/api.w.org\/{rel}","templated":true}]}}