{"id":1527,"date":"2018-07-11T22:29:04","date_gmt":"2018-07-11T20:29:04","guid":{"rendered":"https:\/\/christliche-mitte.de\/?p=1527"},"modified":"2018-07-11T22:29:04","modified_gmt":"2018-07-11T20:29:04","slug":"hohe-gewaltbereitschaft","status":"publish","type":"post","link":"https:\/\/christliche-mitte.de\/index.php\/2018\/07\/11\/hohe-gewaltbereitschaft\/","title":{"rendered":"Hohe Gewaltbereitschaft"},"content":{"rendered":"<p class=\"GrundtextVorspann2017\"><span style=\"color: #000000;\">Die 1 Mio. Muslime in den Niederlanden sind \u2013 laut Umfrage der Uni Amsterdam \u2013 gewaltbereiter als die Niederl\u00e4nder.<\/span><\/p>\n<p class=\"Grundtext2017\"><span style=\"color: #000000;\"><strong>Elf Prozent der Muslime dort sind bereit, f\u00fcr ihren Glauben Gewalt anzuwenden.<\/strong> Das sind doppelt so viele wie Soldaten in der niederl\u00e4ndischen Armee dies f\u00fcr religi\u00f6se Zwecke tun w\u00fcrden. <\/span><br \/>\n<span style=\"color: #000000;\"><strong>Keine andere Religion ist so gewaltbereit wie der Islam.<\/strong> Das Christentum, das zu N\u00e4chsten- und sogar Feindesliebe aufruft, kennt keine Terroranschl\u00e4ge gegen Andersgl\u00e4ubige. Die Vielzahl der Terror-Akte in Europa durch radikale Moslems schaffen ein Klima der Gewalt. Zwar sind nicht alle Muslime Terroristen, doch die meisten Terroristen in Europa sind Muslime.<\/span><\/p>\n","protected":false},"excerpt":{"rendered":"<p>Die 1 Mio. Muslime in den Niederlanden sind \u2013 laut Umfrage der Uni Amsterdam \u2013 gewaltbereiter als die Niederl\u00e4nder. Elf Prozent der Muslime dort sind bereit, f\u00fcr ihren Glauben Gewalt anzuwenden. Das sind doppelt so viele wie Soldaten in der niederl\u00e4ndischen Armee dies f\u00fcr religi\u00f6se Zwecke tun w\u00fcrden. Keine andere Religion ist so gewaltbereit wie&hellip;<\/p>\n","protected":false},"author":1,"featured_media":0,"comment_status":"open","ping_status":"open","sticky":false,"template":"","format":"standard","meta":{"footnotes":""},"categories":[70,4],"tags":[],"class_list":["post-1527","post","type-post","status-publish","format-standard","hentry","category-islam","category-kurier-der-christlichen-mitte","no-post-thumbnail","entry"],"_links":{"self":[{"href":"https:\/\/christliche-mitte.de\/index.php\/wp-json\/wp\/v2\/posts\/1527","targetHints":{"allow":["GET"]}}],"collection":[{"href":"https:\/\/christliche-mitte.de\/index.php\/wp-json\/wp\/v2\/posts"}],"about":[{"href":"https:\/\/christliche-mitte.de\/index.php\/wp-json\/wp\/v2\/types\/post"}],"author":[{"embeddable":true,"href":"https:\/\/christliche-mitte.de\/index.php\/wp-json\/wp\/v2\/users\/1"}],"replies":[{"embeddable":true,"href":"https:\/\/christliche-mitte.de\/index.php\/wp-json\/wp\/v2\/comments?post=1527"}],"version-history":[{"count":1,"href":"https:\/\/christliche-mitte.de\/index.php\/wp-json\/wp\/v2\/posts\/1527\/revisions"}],"predecessor-version":[{"id":1528,"href":"https:\/\/christliche-mitte.de\/index.php\/wp-json\/wp\/v2\/posts\/1527\/revisions\/1528"}],"wp:attachment":[{"href":"https:\/\/christliche-mitte.de\/index.php\/wp-json\/wp\/v2\/media?parent=1527"}],"wp:term":[{"taxonomy":"category","embeddable":true,"href":"https:\/\/christliche-mitte.de\/index.php\/wp-json\/wp\/v2\/categories?post=1527"},{"taxonomy":"post_tag","embeddable":true,"href":"https:\/\/christliche-mitte.de\/index.php\/wp-json\/wp\/v2\/tags?post=1527"}],"curies":[{"name":"wp","href":"https:\/\/api.w.org\/{rel}","templated":true}]}}