{"id":1484,"date":"2018-07-11T09:47:24","date_gmt":"2018-07-11T07:47:24","guid":{"rendered":"https:\/\/christliche-mitte.de\/?p=1484"},"modified":"2018-07-11T10:20:09","modified_gmt":"2018-07-11T08:20:09","slug":"bekenntnis-zum-kreuz","status":"publish","type":"post","link":"https:\/\/christliche-mitte.de\/index.php\/2018\/07\/11\/bekenntnis-zum-kreuz\/","title":{"rendered":"Bekenntnis zum Kreuz"},"content":{"rendered":"<p class=\"GrundtextVorspann2017\">Ein Bild sagt mehr als tausend Worte. Bilder helfen zum Selbstverst\u00e4ndnis, besonders in unserer Medien-Gesellschaft.<\/p>\n<p class=\"Grundtext2017\">Das Selbstverst\u00e4ndnis Europas zeigt sich im Symbol des Kreuzes: Deutschland und Europa haben christliche Wurzeln und blicken auf 2.000 Jahre Christentum zur\u00fcck. Christen, die das Kreuz aufgeben, geben sich selbst auf. CHRISTUS ist am Kreuz gestorben, um uns mit GOTT zu vers\u00f6hnen. Von uns verlangt ER, da\u00df wir mutig unser pers\u00f6nliches Kreuz tragen: <span class=\"Grundfett\">\u201eWer nicht sein Kreuz auf sich nimmt und Mir nachfolgt, ist Meiner nicht wert.\u201c<\/span> (Mt 10, 38). Zur Zeit entbrennt der Kreuz-Kampf neu, der Streit, ob das Kreuz in \u00f6ffentlichen Geb\u00e4uden einen festen Platz haben soll oder nicht. Die CHRISTLICHE MITTE bietet aus aktuellem Anla\u00df ein neues Kreuz-Flugblatt an. <span class=\"Grundkurisv\">Bitte nehmen Sie pers\u00f6nlich teil an diesem Kampf f\u00fcr die Re-Christianisierung Deutschlands!<\/span><\/p>\n","protected":false},"excerpt":{"rendered":"<p>Ein Bild sagt mehr als tausend Worte. Bilder helfen zum Selbstverst\u00e4ndnis, besonders in unserer Medien-Gesellschaft. Das Selbstverst\u00e4ndnis Europas zeigt sich im Symbol des Kreuzes: Deutschland und Europa haben christliche Wurzeln und blicken auf 2.000 Jahre Christentum zur\u00fcck. Christen, die das Kreuz aufgeben, geben sich selbst auf. CHRISTUS ist am Kreuz gestorben, um uns mit GOTT&hellip;<\/p>\n","protected":false},"author":1,"featured_media":1490,"comment_status":"open","ping_status":"open","sticky":false,"template":"","format":"standard","meta":{"footnotes":""},"categories":[71,21,4],"tags":[],"class_list":["post-1484","post","type-post","status-publish","format-standard","has-post-thumbnail","hentry","category-christus-glaube","category-religionen","category-kurier-der-christlichen-mitte","entry"],"_links":{"self":[{"href":"https:\/\/christliche-mitte.de\/index.php\/wp-json\/wp\/v2\/posts\/1484","targetHints":{"allow":["GET"]}}],"collection":[{"href":"https:\/\/christliche-mitte.de\/index.php\/wp-json\/wp\/v2\/posts"}],"about":[{"href":"https:\/\/christliche-mitte.de\/index.php\/wp-json\/wp\/v2\/types\/post"}],"author":[{"embeddable":true,"href":"https:\/\/christliche-mitte.de\/index.php\/wp-json\/wp\/v2\/users\/1"}],"replies":[{"embeddable":true,"href":"https:\/\/christliche-mitte.de\/index.php\/wp-json\/wp\/v2\/comments?post=1484"}],"version-history":[{"count":1,"href":"https:\/\/christliche-mitte.de\/index.php\/wp-json\/wp\/v2\/posts\/1484\/revisions"}],"predecessor-version":[{"id":1485,"href":"https:\/\/christliche-mitte.de\/index.php\/wp-json\/wp\/v2\/posts\/1484\/revisions\/1485"}],"wp:featuredmedia":[{"embeddable":true,"href":"https:\/\/christliche-mitte.de\/index.php\/wp-json\/wp\/v2\/media\/1490"}],"wp:attachment":[{"href":"https:\/\/christliche-mitte.de\/index.php\/wp-json\/wp\/v2\/media?parent=1484"}],"wp:term":[{"taxonomy":"category","embeddable":true,"href":"https:\/\/christliche-mitte.de\/index.php\/wp-json\/wp\/v2\/categories?post=1484"},{"taxonomy":"post_tag","embeddable":true,"href":"https:\/\/christliche-mitte.de\/index.php\/wp-json\/wp\/v2\/tags?post=1484"}],"curies":[{"name":"wp","href":"https:\/\/api.w.org\/{rel}","templated":true}]}}