{"id":1409,"date":"2018-06-04T21:57:00","date_gmt":"2018-06-04T19:57:00","guid":{"rendered":"https:\/\/christliche-mitte.de\/?p=1409"},"modified":"2018-06-04T22:05:41","modified_gmt":"2018-06-04T20:05:41","slug":"100-jahre-kriegs-ende","status":"publish","type":"post","link":"https:\/\/christliche-mitte.de\/index.php\/2018\/06\/04\/100-jahre-kriegs-ende\/","title":{"rendered":"100 Jahre Kriegs-Ende"},"content":{"rendered":"<p><span style=\"color: #000000;\">2018 j\u00e4hrt sich zum hundertsten Mal das Ende des Ersten Weltkriegs. Was ist das deutsche Erbe?<\/span><\/p>\n<p><span style=\"color: #000000;\">Zu den Friedens-Verhandlungen in Versailles 1919 wurde weder Deutschland noch der Friedens-Papst Benedikt XV. zugelassen: Die Siegerm\u00e4chte Frankreich, England und Ru\u00dfland diktierten Deutschland ihre Friedensbedingungen. Hohe Reparationen, Besetzung des Rheinlandes, Verkleinerung der deutschen Armee, Gebietsabtretungen, Verlust der Kolonien und die \u201eAlleinschuld Deutschlands\u201c am Kriegs-Ausbruch 1914 sind durch ihre H\u00e4rte Ansporn zu einem Folge-Krieg. Ha\u00df und Dem\u00fctigung f\u00fchren damals wie heute in die Gewaltspirale.<\/span><\/p>\n<p><strong><span style=\"color: #000000;\">1918 als Wendepunkt<\/span><\/strong><\/p>\n<p><span style=\"color: #000000;\">Der Erste Weltkrieg \u2013 ausgebrochen am 28. Juni 1914 mit der Ermordung des \u00f6sterreichischen Thronfolgers Franz Ferdinand in Sarajewo &#8211; gilt als Z\u00e4sur in der Weltgeschichte in mehrfacher Hinsicht. Erstens wird der Kaiser durch die Niederlage Deutschlands 1918 zum R\u00fccktritt gezwungen. Er geht ins Exil nach Holland. Deutschland wird eine demokratische Republik (Volksherrschaft). Der B\u00fcrger \u00fcbernimmt durch seine Wahl-Stimme Verantwortung f\u00fcr die Regierung und die Politik des Landes. Unser heutiges Grundgesetz von 1949 fu\u00dft im Kern auf der Weimarer Verfassung von 1919. Zweitens endet mit dem R\u00fccktritt von Kaiser Wilhelm II. und den F\u00fcrsten die tausendj\u00e4hrige Adels-Kultur mit Schl\u00f6ssern, K\u00f6nigen und Standesprivilegien. An die Stelle der Standesgesellschaft \u2013 aus Adel, B\u00fcrgertum, Bauern und Arbeiterklasse \u2013 tritt ab 1919 die Zivilgesellschaft aus gleichberechtigten, politisch m\u00fcndigen B\u00fcrgern: mit Rechtsgleichheit von jedem vollj\u00e4hrigen Manne und jeder vollj\u00e4hrigen Frau. Drittens bricht nun endg\u00fcltig die S\u00e4kularisierung (Verweltlichung) der Gesellschaft durch. Kirche und christliche Moral werden weitgehend in die Privatsph\u00e4re abgedr\u00e4ngt. Damit auch die \u00fcbernat\u00fcrlich motivierte Liebeskraft und Friedensbereitschaft der Menschen. Viertens: Die beiden Superm\u00e4chte USA und UdSSR betreten die Weltb\u00fchne mit ihrem ideo\u00adlogischen Weltherrschafts-An\u00adspruch. Keine Politik in Europa ist mehr m\u00f6glich ohne die Einbeziehung der Interessen der beiden Superm\u00e4chte.<\/span><\/p>\n<p><strong><span style=\"color: #000000;\">Untergang des Abendlands?<\/span><\/strong><\/p>\n<p><span style=\"color: #000000;\">W\u00e4hrend die einen die Neu-Entwicklungen als Befreiung begr\u00fc\u00dfen, sprechen Philosophen wie Oswald Spengler vom \u201eUntergang des Abendlandes\u201c. Wir wissen heute, da\u00df das christliche Abendland 100 Jahre sp\u00e4ter in seinen Wurzeln ersch\u00fcttert ist. Die neue Freiheit der politischen Mitbestimmung und die Emanzipation der Frau werden von vielen begr\u00fc\u00dft, sto\u00dfen aber auch an ihre Grenzen. \u201eSunt certi denique fines\u201c \u2013 \u201eEs gibt gewisse absolute Grenzen\u201c \u2013 wu\u00dften schon die R\u00f6mer. Die zunehmende Islamisierung Deutschlands wird gef\u00f6rdert durch die Regierung. Fortschreitende Liberalisierung in der Moral und in der Kirche l\u00e4\u00dft viele Deutsche aufbegehren und eine Re-Christianisierung fordern. Das Land braucht wieder christliche Politiker und Bisch\u00f6fe, die sich konsequent f\u00fcr ein Deutschland und Europa nach GOTTES Geboten einsetzen. Immer mehr Lebensrechtler k\u00e4mpfen gegen Babymord im Mutterleib und gegen Euthanasie von Alten und Schwerstkranken. Parteien wie die AfD bef\u00fcrworten die Familie als gesunde Keimzelle des deutschen Staates. Damit aus den Einzel-Initiativen Konstruktives entstehen kann, bedarf es einer zunehmenden Einheit der Deutschen und des Gebetes. Ohne GOTTES Hilfe kann eine Re-Christianisierung unseres Staates nicht gelingen. GOTT und die Lehre JESU sind die einzige Orientierung f\u00fcr jeden Christen. K\u00e4mpfen Sie mit f\u00fcr ein Deutschland und Europa nach GOTTES Geboten! CHRISTUS ruft jedem Einzelnen heute zu: \u201eKomm, folge Mir nach! Wer nicht sein Kreuz auf sich nimmt und Mir nachfolgt, ist Meiner nicht wert.\u201c (Mt 10,38).<br \/>\n<span style=\"color: #999999;\"><em>Sr. Maria Anja<\/em><\/span><\/span><\/p>\n","protected":false},"excerpt":{"rendered":"<p>2018 j\u00e4hrt sich zum hundertsten Mal das Ende des Ersten Weltkriegs. Was ist das deutsche Erbe? Zu den Friedens-Verhandlungen in Versailles 1919 wurde weder Deutschland noch der Friedens-Papst Benedikt XV. zugelassen: Die Siegerm\u00e4chte Frankreich, England und Ru\u00dfland diktierten Deutschland ihre Friedensbedingungen. Hohe Reparationen, Besetzung des Rheinlandes, Verkleinerung der deutschen Armee, Gebietsabtretungen, Verlust der Kolonien und&hellip;<\/p>\n","protected":false},"author":1,"featured_media":0,"comment_status":"open","ping_status":"open","sticky":false,"template":"","format":"standard","meta":{"footnotes":""},"categories":[139],"tags":[],"class_list":["post-1409","post","type-post","status-publish","format-standard","hentry","category-geschichte","no-post-thumbnail","entry"],"_links":{"self":[{"href":"https:\/\/christliche-mitte.de\/index.php\/wp-json\/wp\/v2\/posts\/1409","targetHints":{"allow":["GET"]}}],"collection":[{"href":"https:\/\/christliche-mitte.de\/index.php\/wp-json\/wp\/v2\/posts"}],"about":[{"href":"https:\/\/christliche-mitte.de\/index.php\/wp-json\/wp\/v2\/types\/post"}],"author":[{"embeddable":true,"href":"https:\/\/christliche-mitte.de\/index.php\/wp-json\/wp\/v2\/users\/1"}],"replies":[{"embeddable":true,"href":"https:\/\/christliche-mitte.de\/index.php\/wp-json\/wp\/v2\/comments?post=1409"}],"version-history":[{"count":1,"href":"https:\/\/christliche-mitte.de\/index.php\/wp-json\/wp\/v2\/posts\/1409\/revisions"}],"predecessor-version":[{"id":1410,"href":"https:\/\/christliche-mitte.de\/index.php\/wp-json\/wp\/v2\/posts\/1409\/revisions\/1410"}],"wp:attachment":[{"href":"https:\/\/christliche-mitte.de\/index.php\/wp-json\/wp\/v2\/media?parent=1409"}],"wp:term":[{"taxonomy":"category","embeddable":true,"href":"https:\/\/christliche-mitte.de\/index.php\/wp-json\/wp\/v2\/categories?post=1409"},{"taxonomy":"post_tag","embeddable":true,"href":"https:\/\/christliche-mitte.de\/index.php\/wp-json\/wp\/v2\/tags?post=1409"}],"curies":[{"name":"wp","href":"https:\/\/api.w.org\/{rel}","templated":true}]}}