{"id":1235,"date":"2018-04-26T21:23:43","date_gmt":"2018-04-26T19:23:43","guid":{"rendered":"https:\/\/christliche-mitte.de\/?p=1235"},"modified":"2018-04-26T21:23:43","modified_gmt":"2018-04-26T19:23:43","slug":"heilig-oder-ehrwuerdig","status":"publish","type":"post","link":"https:\/\/christliche-mitte.de\/index.php\/2018\/04\/26\/heilig-oder-ehrwuerdig\/","title":{"rendered":"\u201eHeilig\u201c oder \u201eehrw\u00fcrdig\u201c?"},"content":{"rendered":"<p>Der erste wissenschaftliche Theologe des Mittelalters ist der heilige Beda Venerabilis (\u2020 735).\u00a0 Heute z\u00e4hlt er zu den Kirchenlehrern.<\/p>\n<p>Sein Werk ist gigantisch: B\u00fccher \u00fcber Grammatik, Rhetorik, Mathematik und Physik, Meteorologie und Astronomie, Musik und Poesie. Vor allem aber ist der M\u00f6nch und Priester aus England der \u201eVater der Geschichtsschreibung\u201c in Europa. Sein Martyrologium ist Vorbild aller folgenden Schriften dieser Art. Abgebildet wird er mit B\u00fcchern, Schreibzeug, Sch\u00fclern und Lehrern. Viele Predigten sind bis heute \u00fcberliefert. K\u00f6nige wie Geolwulf und Kirchenf\u00fcrsten suchten bei ihm Rat. Kaum schl\u00e4ft er, sondern diktiert unerm\u00fcdlich seine Schriften in dem Benediktiner-Kloster von Jarrow in Nord-England. Nach seinem letzten Diktat stirbt er mit den Worten auf den Lippen: \u201eEs ist vollbracht!\u201c<\/p>\n<p>Der Festtag des Heiligen f\u00e4llt auf den 25. Mai. Warum aber nennt ihn die Kirche mit Bei-Namen Venerabilis (der Ehrw\u00fcrdige)? Das geschieht aus zwei Gr\u00fcnden: Im Alter ist er erblindet und mu\u00df einen F\u00fchrer beim Laufen haben. Aus Spott und \u00dcbermut erz\u00e4hlt dem erblindeten Greis\u00a0 auf dem Weg sein junger F\u00fchrer, es sei eine gro\u00dfe Menge Menschen anwesend, um Bedas Predigten zuzuh\u00f6ren. Tats\u00e4chlich aber \u201elauschten\u201c nur zahlreiche Steine des einsamen Pilger-Weges. Als Beda sein innerlich bewegtes \u201eAMEN\u201c an seine Worte anf\u00fcgt, ist es \u201eals ob die Steine der einsamen Gegend antworten\u201c: \u201eAmen, ehrw\u00fcrdiger Vater\u201c. Eine zweite Begebenheit ist \u00fcberliefert:\u00a0 Als ein Kleriker sich mit dem Auftrag schwertut, eine passende Grab-Inschrift f\u00fcr Beda zu formulieren, hat \u00fcber Nacht eine \u201eEngel-Hand\u201c folgende Inschrift in den Stein gemei\u00dfelt: \u201eHac sunt in fossa, Beda venerabilis ossa\u201c (Hier ruhen die Gebeine des ehrw\u00fcrdigen Beda).<br \/>\n<em><span style=\"color: #999999;\">Sr. M. Anja<\/span><\/em><\/p>\n","protected":false},"excerpt":{"rendered":"<p>Der erste wissenschaftliche Theologe des Mittelalters ist der heilige Beda Venerabilis (\u2020 735).\u00a0 Heute z\u00e4hlt er zu den Kirchenlehrern. Sein Werk ist gigantisch: B\u00fccher \u00fcber Grammatik, Rhetorik, Mathematik und Physik, Meteorologie und Astronomie, Musik und Poesie. Vor allem aber ist der M\u00f6nch und Priester aus England der \u201eVater der Geschichtsschreibung\u201c in Europa. Sein Martyrologium ist&hellip;<\/p>\n","protected":false},"author":1,"featured_media":0,"comment_status":"open","ping_status":"open","sticky":false,"template":"","format":"standard","meta":{"footnotes":""},"categories":[71,21],"tags":[],"class_list":["post-1235","post","type-post","status-publish","format-standard","hentry","category-christus-glaube","category-religionen","no-post-thumbnail","entry"],"_links":{"self":[{"href":"https:\/\/christliche-mitte.de\/index.php\/wp-json\/wp\/v2\/posts\/1235","targetHints":{"allow":["GET"]}}],"collection":[{"href":"https:\/\/christliche-mitte.de\/index.php\/wp-json\/wp\/v2\/posts"}],"about":[{"href":"https:\/\/christliche-mitte.de\/index.php\/wp-json\/wp\/v2\/types\/post"}],"author":[{"embeddable":true,"href":"https:\/\/christliche-mitte.de\/index.php\/wp-json\/wp\/v2\/users\/1"}],"replies":[{"embeddable":true,"href":"https:\/\/christliche-mitte.de\/index.php\/wp-json\/wp\/v2\/comments?post=1235"}],"version-history":[{"count":1,"href":"https:\/\/christliche-mitte.de\/index.php\/wp-json\/wp\/v2\/posts\/1235\/revisions"}],"predecessor-version":[{"id":1236,"href":"https:\/\/christliche-mitte.de\/index.php\/wp-json\/wp\/v2\/posts\/1235\/revisions\/1236"}],"wp:attachment":[{"href":"https:\/\/christliche-mitte.de\/index.php\/wp-json\/wp\/v2\/media?parent=1235"}],"wp:term":[{"taxonomy":"category","embeddable":true,"href":"https:\/\/christliche-mitte.de\/index.php\/wp-json\/wp\/v2\/categories?post=1235"},{"taxonomy":"post_tag","embeddable":true,"href":"https:\/\/christliche-mitte.de\/index.php\/wp-json\/wp\/v2\/tags?post=1235"}],"curies":[{"name":"wp","href":"https:\/\/api.w.org\/{rel}","templated":true}]}}