{"id":1233,"date":"2018-04-26T21:19:19","date_gmt":"2018-04-26T19:19:19","guid":{"rendered":"https:\/\/christliche-mitte.de\/?p=1233"},"modified":"2018-04-26T21:19:53","modified_gmt":"2018-04-26T19:19:53","slug":"islam-heisst-unterwerfung","status":"publish","type":"post","link":"https:\/\/christliche-mitte.de\/index.php\/2018\/04\/26\/islam-heisst-unterwerfung\/","title":{"rendered":"Islam hei\u00dft \u201eUnterwerfung\u201c"},"content":{"rendered":"<p>Der Islam besteht aus verschiedenen Gruppierungen, gemeinsam ist ihnen die Orientierung am <span style=\"color: #3366ff;\"><strong>Koran<\/strong> (\u201eheilige\u201c Texte)<\/span>, an der <span style=\"color: #800000;\"><strong>Sunna<\/strong> (Sitte)<\/span> und an der <span style=\"color: #ff0000;\"><strong>Scharia<\/strong> (Rechts-Kodex)<\/span>.<\/p>\n<p>Der Koran gilt sowohl radikalen Islamisten als auch gem\u00e4\u00dftigten Muslimen als g\u00f6ttliche Offenbarung, die unfehlbar ist (Sure 4, 87). Jeder Muslim hat f\u00fcnf Hauptpflichten t\u00e4glich zu erf\u00fcllen: das Glaubensbekenntnis zu Allah, Pflichtgebete, Almosengeben und Fasten im Ramadan sowie einmal im Leben die Pilgerfahrt nach Mekka.<\/p>\n<p><strong>Urspr\u00fcnge des Islam<\/strong><\/p>\n<p>Die Entstehung des Islam geht auf die \u201eOffenbarungen Allahs\u201c an den \u201ePropheten Mohammed\u201c zur\u00fcck, die er in Mekka und Medina (610 \u2013 632 n. CHR.) hatte. Diese Offenbarungen sind Resultate d\u00e4monischer Besessenheit und psychischer Krankheit (\u201eGe\u00adf\u00fchrt von D\u00e4monen. Mohammed im Urteil seiner Zeigenossen\u201c. 2 \u20ac).<br \/>\nDa der Koran als g\u00f6ttlichen Ur\u00adsprungs bei den Muslimen gilt, darf er nicht ver\u00e4ndert werden (Sure 10,15). Seine Lehre ist verbindlich. <strong>Wer \u00f6ffentlich bekennt:<\/strong> \u201eIch bezeuge: Es gibt keinen Gott au\u00dfer Allah, und ich bezeuge, Mohammed ist sein Prophet\u201c, <strong>gilt als Moslem<\/strong>. Das muslimische Recht (Scharia) regelt das gesamte religi\u00f6se, soziale und politische Leben im Staat, d.h. es gilt auch f\u00fcr Christen, die in einem islamischen Staat leben.<\/p>\n<p><strong>Muslime und Christen<\/strong><\/p>\n<p><strong>Christen aber gelten als \u201eUngl\u00e4ubige\u201c<\/strong>, die es zu bekehren oder zu vernichten gilt. 2003 entschied der Europ\u00e4ische Gerichtshof f\u00fcr Menschenrechte in Stra\u00dfburg, da\u00df die Scharia im Widerspruch zu den Grundprinzipien der Demokratie steht: Strafen wie Auspeitschung, Amputation von Gliedma\u00dfen sowie Todesstrafe bei Homosexualit\u00e4t und Ehebruch der Frau sowie beim Abfall vom Islam sind unvereinbar mit den in Europa geltenden Menschenrechten. Bereits 1948 forderte die UNO das Recht auf Leben, Freiheit und Sicherheit der Person (Art. 3, Erkl\u00e4rung der Menschenrechte), Art. 5 sch\u00fctzt den Europ\u00e4er vor Folter oder erniedrigender Strafe, Art. 18 gew\u00e4hrt das Recht auf Religionsfreiheit, Art. 19 das Recht auf Meinungs- und Art. 20 das Recht auf Versammlungsfreiheit.<br \/>\nDiese Erkl\u00e4rung wird bis heute nicht von den islamischen L\u00e4ndern mitgetragen. Stattdessen verabschiedeten 19 Au\u00dfenminister der islamischen L\u00e4nder 1990 die Kairoer Erkl\u00e4rung und stellten fest: \u201eDie islamische Scharia ist der einzige Bezugspunkt\u201c f\u00fcr das Recht, denn der \u201eIslam ist die einzige wahre Religion\u201c. Damit ist der Islam weder mit den christlichen Wurzeln Europas noch mit der europ\u00e4ischen Menschenrechts-Konvention vereinbar.<\/p>\n<p><strong>Politische Konsequenzen<\/strong><\/p>\n<p>Eine Flucht von Muslimen aus ihren islamischen Heimatl\u00e4ndern in Gebiete der \u201eUngl\u00e4ubigen\u201c mit der Bitte um Schutz und materielle Hilfe verbietet der Koran (Sure 3, 18). Daher ist die Fluchtwelle ganzer islamischer Volksgruppen nach Europa ohne Rechtfertigung im Koran. Dieser wiederum kennt allein den \u201eheiligen Krieg\u201c (Dschihad) gegen \u201eUngl\u00e4ubige\u201c: \u201eGehorche nicht den Ungl\u00e4ubigen, sondern setze ihnen heftig zu!\u201c (Sure 25, 52). Die dringendste Aufgabe Deutschlands und Europas ist seine R\u00fcckbesinnung auf seine Identit\u00e4t und seine christlichen Wurzeln: Wir gehen GOTT entgegen, dem von den Toten auferstandenen und wiederkommenden CHRISTUS.<br \/>\n<em><span style=\"color: #999999;\">Sr. Maria Anja<\/span><\/em><\/p>\n","protected":false},"excerpt":{"rendered":"<p>Der Islam besteht aus verschiedenen Gruppierungen, gemeinsam ist ihnen die Orientierung am Koran (\u201eheilige\u201c Texte), an der Sunna (Sitte) und an der Scharia (Rechts-Kodex). Der Koran gilt sowohl radikalen Islamisten als auch gem\u00e4\u00dftigten Muslimen als g\u00f6ttliche Offenbarung, die unfehlbar ist (Sure 4, 87). Jeder Muslim hat f\u00fcnf Hauptpflichten t\u00e4glich zu erf\u00fcllen: das Glaubensbekenntnis zu Allah,&hellip;<\/p>\n","protected":false},"author":1,"featured_media":0,"comment_status":"open","ping_status":"open","sticky":false,"template":"","format":"standard","meta":{"footnotes":""},"categories":[70,72,21,4],"tags":[],"class_list":["post-1233","post","type-post","status-publish","format-standard","hentry","category-islam","category-informationen-aus-der-politik","category-religionen","category-kurier-der-christlichen-mitte","no-post-thumbnail","entry"],"_links":{"self":[{"href":"https:\/\/christliche-mitte.de\/index.php\/wp-json\/wp\/v2\/posts\/1233","targetHints":{"allow":["GET"]}}],"collection":[{"href":"https:\/\/christliche-mitte.de\/index.php\/wp-json\/wp\/v2\/posts"}],"about":[{"href":"https:\/\/christliche-mitte.de\/index.php\/wp-json\/wp\/v2\/types\/post"}],"author":[{"embeddable":true,"href":"https:\/\/christliche-mitte.de\/index.php\/wp-json\/wp\/v2\/users\/1"}],"replies":[{"embeddable":true,"href":"https:\/\/christliche-mitte.de\/index.php\/wp-json\/wp\/v2\/comments?post=1233"}],"version-history":[{"count":1,"href":"https:\/\/christliche-mitte.de\/index.php\/wp-json\/wp\/v2\/posts\/1233\/revisions"}],"predecessor-version":[{"id":1234,"href":"https:\/\/christliche-mitte.de\/index.php\/wp-json\/wp\/v2\/posts\/1233\/revisions\/1234"}],"wp:attachment":[{"href":"https:\/\/christliche-mitte.de\/index.php\/wp-json\/wp\/v2\/media?parent=1233"}],"wp:term":[{"taxonomy":"category","embeddable":true,"href":"https:\/\/christliche-mitte.de\/index.php\/wp-json\/wp\/v2\/categories?post=1233"},{"taxonomy":"post_tag","embeddable":true,"href":"https:\/\/christliche-mitte.de\/index.php\/wp-json\/wp\/v2\/tags?post=1233"}],"curies":[{"name":"wp","href":"https:\/\/api.w.org\/{rel}","templated":true}]}}