{"id":10707,"date":"2026-09-01T08:00:00","date_gmt":"2026-09-01T06:00:00","guid":{"rendered":"https:\/\/christliche-mitte.de\/?p=10707"},"modified":"2026-08-15T14:22:28","modified_gmt":"2026-08-15T12:22:28","slug":"wer-glaubt-was-in-deutschland","status":"publish","type":"post","link":"https:\/\/christliche-mitte.de\/index.php\/2026\/09\/01\/wer-glaubt-was-in-deutschland\/","title":{"rendered":"Wer glaubt was in Deutschland?"},"content":{"rendered":"\n<p class=\"wp-block-paragraph\"><strong>Ein Gro\u00dfteil der Bev\u00f6lkerung in Deutschland geh\u00f6rt keiner Konfession an. Christen sind etwa 48%.<\/strong><\/p>\n\n\n\n<p class=\"wp-block-paragraph\">Die gr\u00f6\u00dfte Gruppe sind die Gl\u00e4ubigen der R\u00f6misch\u2010Katholischen Kirche (23%). Rund 21% sind evangelisch und 5% orthodox bzw. freikirchlich. Die Konfessionslosen mit ca. 47% bilden mittlerweile neben den Christen die gr\u00f6\u00dfte gesellschaftliche Gruppe. Der Islam ist nach dem Christentum die zweitgr\u00f6\u00dfte Glaubensrichtung in Deutschland.\u201eWir haben zu viele christliche Feiertage\u201c, sagt hingegen <strong>Michael Wladarsch<\/strong>, Vorsitzender des Bundes f\u00fcr Geistesfreiheit Bayern, und Vorstandsmitglied des Zentralrats der Konfessionsfreien. Angesichts der gesellschaftlichen Entwicklung d\u00fcrften maximal die H\u00e4lfte der Feiertage christlich sein \u2013 tendenziell sogar weniger. Aber: Eine Welt ohne Kirche ist keine L\u00f6sung. Eine starke Kirchengemeinschaft, die N\u00e4chstenliebe und den Glauben an das Gute vertritt, ist ein dringend be n\u00f6tigtes Gegengewicht zu allen be\u00e4ngstigenden Entwicklungen in der Welt.<\/p>\n\n\n\n<p class=\"has-text-align-right wp-block-paragraph\"><em>CM\u2010Antiquariat: Seelow 1945. Die Entscheidungsschlacht an der Oder (15 \u20ac)<\/em><\/p>\n","protected":false},"excerpt":{"rendered":"<p>Ein Gro\u00dfteil der Bev\u00f6lkerung in Deutschland geh\u00f6rt keiner Konfession an. Christen sind etwa 48%. Die gr\u00f6\u00dfte Gruppe sind die Gl\u00e4ubigen der R\u00f6misch\u2010Katholischen Kirche (23%). Rund 21% sind evangelisch und 5% orthodox bzw. freikirchlich. Die Konfessionslosen mit ca. 47% bilden mittlerweile neben den Christen die gr\u00f6\u00dfte gesellschaftliche Gruppe. Der Islam ist nach dem Christentum die zweitgr\u00f6\u00dfte&hellip;<\/p>\n","protected":false},"author":1,"featured_media":10709,"comment_status":"closed","ping_status":"closed","sticky":false,"template":"","format":"standard","meta":{"footnotes":""},"categories":[71,21,4],"tags":[],"class_list":["post-10707","post","type-post","status-publish","format-standard","has-post-thumbnail","hentry","category-christus-glaube","category-religionen","category-kurier-der-christlichen-mitte","entry"],"_links":{"self":[{"href":"https:\/\/christliche-mitte.de\/index.php\/wp-json\/wp\/v2\/posts\/10707","targetHints":{"allow":["GET"]}}],"collection":[{"href":"https:\/\/christliche-mitte.de\/index.php\/wp-json\/wp\/v2\/posts"}],"about":[{"href":"https:\/\/christliche-mitte.de\/index.php\/wp-json\/wp\/v2\/types\/post"}],"author":[{"embeddable":true,"href":"https:\/\/christliche-mitte.de\/index.php\/wp-json\/wp\/v2\/users\/1"}],"replies":[{"embeddable":true,"href":"https:\/\/christliche-mitte.de\/index.php\/wp-json\/wp\/v2\/comments?post=10707"}],"version-history":[{"count":1,"href":"https:\/\/christliche-mitte.de\/index.php\/wp-json\/wp\/v2\/posts\/10707\/revisions"}],"predecessor-version":[{"id":10710,"href":"https:\/\/christliche-mitte.de\/index.php\/wp-json\/wp\/v2\/posts\/10707\/revisions\/10710"}],"wp:featuredmedia":[{"embeddable":true,"href":"https:\/\/christliche-mitte.de\/index.php\/wp-json\/wp\/v2\/media\/10709"}],"wp:attachment":[{"href":"https:\/\/christliche-mitte.de\/index.php\/wp-json\/wp\/v2\/media?parent=10707"}],"wp:term":[{"taxonomy":"category","embeddable":true,"href":"https:\/\/christliche-mitte.de\/index.php\/wp-json\/wp\/v2\/categories?post=10707"},{"taxonomy":"post_tag","embeddable":true,"href":"https:\/\/christliche-mitte.de\/index.php\/wp-json\/wp\/v2\/tags?post=10707"}],"curies":[{"name":"wp","href":"https:\/\/api.w.org\/{rel}","templated":true}]}}