{"id":10697,"date":"2026-09-01T08:00:00","date_gmt":"2026-09-01T06:00:00","guid":{"rendered":"https:\/\/christliche-mitte.de\/?p=10697"},"modified":"2026-08-15T14:00:32","modified_gmt":"2026-08-15T12:00:32","slug":"wenn-der-felsendom-brennt","status":"publish","type":"post","link":"https:\/\/christliche-mitte.de\/index.php\/2026\/09\/01\/wenn-der-felsendom-brennt\/","title":{"rendered":"Wenn der Felsendom brennt"},"content":{"rendered":"\n<p class=\"wp-block-paragraph\"><strong>Israel liegt in der Reichweite von iranischen und US\u2010Raketen. Seit der Beerdigung des iranischen Ajatollah Chamenei im Juli 2026 steht die Golfregion unter Feuer. Mitten darin der Felsendom in Jerusalem mit seiner Goldkuppel, das muslimische Herrschafts\u2010Symbol.<\/strong><\/p>\n\n\n\n<p class=\"wp-block-paragraph\">Der Felsendom wird heute vom Islam verwaltet, doch zur Zeit Kaiser Konstantins (\u2020337) stand dort eine katholische Kirche. Die Goldkuppel des Kuppelbaus ist riesig mit ihren 11,5 Metern H\u00f6he und 20,40 Metern Breite. Von dem Felsen, auf welchem er steht, soll \u2013 laut muslimischer Tradition \u2013 der Prophet Mohammed (\u2020632) in den Himmel aufgefahren sein. F\u00fcr Juden und Christen ist der Felsen von religi\u00f6ser Bedeutung, weil hier der Patriarch Abraham (ca. 2000 v. CHR.) eine Opferst\u00e4tte errichtete. <\/p>\n\n\n\n<h2 class=\"wp-block-heading\">Wahrzeichen des Islam <\/h2>\n\n\n\n<p class=\"wp-block-paragraph\">Heute dient der Felsendom den Muslimen als religi\u00f6ses Heiligtum zum \u201eSchutz des heiligen Felsens\u201c. Ist also eine historische St\u00e4tte, nicht eine Moschee. Neben dem Felsendom steht die Al Aksa Moschee auf dem Tempelberg, die die wichtigste Moschee der Muslime in Jerusalem ist, gebaut 717 n. CHR.. Der acht\u2010eckige, imposante Felsdendom wiederum wurde zwischen 687 und 691 durch Kalif Abd el\u2010Malik errichtet. 1545 f\u00fcgte Kalif Suleiman I. blaue Fliesen hinzu. 1993 spendete der jordanische K\u00f6nig Hussein 80 kg Blattgold f\u00fcr die Kuppel. Der Eingang zum Tempelberg, auf welchem der imposante Felsendom steht, befindet sich an der Sicherheits\u2010Kontrolle nahe der j\u00fcdischen Klagemauer. Touristen und Besucher werden kontrolliert und d\u00fcrfen die Fahne Israels oder christliche Kreuze nicht mitbringen. M\u00e4nner m\u00fcssen lange Hosen und Frauen ein Kopftuch tragen. <\/p>\n\n\n\n<h2 class=\"wp-block-heading\">Christen im Felsendom <\/h2>\n\n\n\n<p class=\"wp-block-paragraph\">Im Mittelalter gelang es den Christen w\u00e4hrend der Kreuzz\u00fcge, den Tempelberg zu erobern. Die Kreuzritter nahmen dabei 1099 auch den muslimischen Felsendom in Besitz. Sie nannten ihn \u201eTemplum Domini\u201c und nutzten ihn als christliche Kirche. Auf dem Felsen stellten sie einen Marmor\u2010Altar auf, auf der Spitze der Gold\u2010Kuppel brachten sie ein goldenes Kreuz an. An Ostern 1141 weihten der Patriarch von Limoges und der Patriarch von Antiochia den Felsendom zum christlichen Gotteshaus. Doch schon 1187 eroberten die Muslime unter Sultan Saladin Jerusalem und den Tempelberg zur\u00fcck. Das Gold\u2010Kreuz rissen sie von der Kuppel des Doms herunter, beseitigten den christlichen Altar und reinigten den Felsen rituell mit Parf\u00fcm. <\/p>\n\n\n\n<h2 class=\"wp-block-heading\">Der Tempel des Judentums <\/h2>\n\n\n\n<p class=\"wp-block-paragraph\">Auch f\u00fcr die Juden ist der Ort, wo der Felsendom steht, bis heute von gro\u00dfer religi\u00f6ser Bedeutung. Nicht nur, weil Abraham dort seine Opferst\u00e4tte aufbaute, sondern auch weil der j\u00fcdische K\u00f6nig Salomo (\u2020930 v. CHR.) hier den ersten j\u00fcdischen Tempel f\u00fcr JAHWE baute zur Unterbringung der Bundeslade und als Ort des Gebetes und Opfers. Neben dem riesigen Tempel errichtete Salomo seinen K\u00f6nigs\u2010Palast, so da\u00df er Jerusalem als Reichshauptstadt ausbaute und zur Bl\u00fcte brachte. Mehr als tausend Jahre war Jerusalem das Zentrum des Judentums in und au\u00dferhalb Israels. Erst unter den R\u00f6mern wurde der j\u00fcdische Tempel 70 n. CHR. durch den Feldherrn Titus zerst\u00f6rt, als dieser den Aufstand gegen die r\u00f6mische Besatzungsmacht nie derschlug. JESUS selbst hatte den Untergang vorausgesehen und \u00fcber die Stadt Jerusalem geweint, weil die Juden IHN nicht als Messias erkannt hatten. <\/p>\n\n\n\n<h2 class=\"wp-block-heading\">Der Felsendom 2026 <\/h2>\n\n\n\n<p class=\"wp-block-paragraph\">Der Iran, die Hamas und die Hibollah bombardieren derzeit Israel, um im Sinne des Koran die sogenannten \u201eFeinde des Islam\u201c auszul\u00f6schen. Noch in der Gr\u00fcndungsnacht des Staates Israel 1948 erkl\u00e4rten die arabischen Nachbarn Israel den Krieg. Die \u201ev\u00f6llige Vernichtung Israels\u201c steht in der Satzung von Hamas und Hisbollah. Israel und dessen Verb\u00fcndeter Amerika wiederum bombardieren den Iran und dessen Verb\u00fcndete, um den Iran auszul\u00f6schen. Die Voraussage eines katholischen Priesters lautet: \u201eWenn der Felsendom brennt, brennt auch Deutschland \u00fcber Nacht.\u201c <\/p>\n\n\n\n<p class=\"has-text-align-right wp-block-paragraph\"><em>Sr. M. Anja Henkel <br>CM\u2010Antiquariat: Prophezeiungen zum 3. Weltkrieg bis an die Schwelle des 3. Jahrtausends (15 \u20ac)<\/em><\/p>\n","protected":false},"excerpt":{"rendered":"<p>Israel liegt in der Reichweite von iranischen und US\u2010Raketen. Seit der Beerdigung des iranischen Ajatollah Chamenei im Juli 2026 steht die Golfregion unter Feuer. Mitten darin der Felsendom in Jerusalem mit seiner Goldkuppel, das muslimische Herrschafts\u2010Symbol. Der Felsendom wird heute vom Islam verwaltet, doch zur Zeit Kaiser Konstantins (\u2020337) stand dort eine katholische Kirche. Die&hellip;<\/p>\n","protected":false},"author":1,"featured_media":10698,"comment_status":"closed","ping_status":"closed","sticky":false,"template":"","format":"standard","meta":{"footnotes":""},"categories":[72,4],"tags":[],"class_list":["post-10697","post","type-post","status-publish","format-standard","has-post-thumbnail","hentry","category-informationen-aus-der-politik","category-kurier-der-christlichen-mitte","entry"],"_links":{"self":[{"href":"https:\/\/christliche-mitte.de\/index.php\/wp-json\/wp\/v2\/posts\/10697","targetHints":{"allow":["GET"]}}],"collection":[{"href":"https:\/\/christliche-mitte.de\/index.php\/wp-json\/wp\/v2\/posts"}],"about":[{"href":"https:\/\/christliche-mitte.de\/index.php\/wp-json\/wp\/v2\/types\/post"}],"author":[{"embeddable":true,"href":"https:\/\/christliche-mitte.de\/index.php\/wp-json\/wp\/v2\/users\/1"}],"replies":[{"embeddable":true,"href":"https:\/\/christliche-mitte.de\/index.php\/wp-json\/wp\/v2\/comments?post=10697"}],"version-history":[{"count":1,"href":"https:\/\/christliche-mitte.de\/index.php\/wp-json\/wp\/v2\/posts\/10697\/revisions"}],"predecessor-version":[{"id":10699,"href":"https:\/\/christliche-mitte.de\/index.php\/wp-json\/wp\/v2\/posts\/10697\/revisions\/10699"}],"wp:featuredmedia":[{"embeddable":true,"href":"https:\/\/christliche-mitte.de\/index.php\/wp-json\/wp\/v2\/media\/10698"}],"wp:attachment":[{"href":"https:\/\/christliche-mitte.de\/index.php\/wp-json\/wp\/v2\/media?parent=10697"}],"wp:term":[{"taxonomy":"category","embeddable":true,"href":"https:\/\/christliche-mitte.de\/index.php\/wp-json\/wp\/v2\/categories?post=10697"},{"taxonomy":"post_tag","embeddable":true,"href":"https:\/\/christliche-mitte.de\/index.php\/wp-json\/wp\/v2\/tags?post=10697"}],"curies":[{"name":"wp","href":"https:\/\/api.w.org\/{rel}","templated":true}]}}