{"id":10464,"date":"2026-05-01T08:00:00","date_gmt":"2026-05-01T06:00:00","guid":{"rendered":"https:\/\/christliche-mitte.de\/?p=10464"},"modified":"2026-04-23T08:30:34","modified_gmt":"2026-04-23T06:30:34","slug":"wohin-als-tradi-katholik","status":"publish","type":"post","link":"https:\/\/christliche-mitte.de\/index.php\/2026\/05\/01\/wohin-als-tradi-katholik\/","title":{"rendered":"Wohin als Tradi-Katholik?"},"content":{"rendered":"\n<p><strong>Katholiken, welche die Missa Tridentina lieben und am tradierten Katechismus festhalten, m\u00fcssen nicht zwangsl\u00e4ufig zusammen mit der FSSPX in die Exkommunikation gehen.<\/strong><\/p>\n\n\n\n<p>Die innerkirchliche <strong>Petrus\u2010Bruderschaft<\/strong> in <strong>Wigratzbad<\/strong>, das <strong>Institut Christusk\u00f6nig und Hoherpriester<\/strong>, die <strong>SJM <\/strong>(Diener JESU und Mariens) und das <strong>Institut Philipp Neri<\/strong> bewahren den katholischen Glauben und feiern die klassische Liturgie. Ebenso einzelne Priester in der Kirche, welche die Missa Tridentina lieben. Eine Kirchenspaltung jedoch, wie sie durch die Bischofsweihen der Piusbruderschaft (FSSPX) ohne Erlaubnis des Papstes herbeigef\u00fchrt wird, f\u00fchrt zu immer gr\u00f6\u00dferer Entfremdung und zweifelhafter Rechtfertigung. Beide Seiten \u2013 die FSSPX und das heutige modernistische Rom \u2013 m\u00fcssen sich vor dem Herrgott und voreinander dem\u00fctigen, um den Auftrag GOTTES zu erf\u00fcllen. Nur dann wirkt der HEILIGE GEIST, und nur dann gibt es Wahrhaftigkeit, Liebe, Gehorsam und Treue. Vision\u00e4re wie Bischof Malachias, die Stigmatikerin Anna\u2010Katharina Emmerick und Melanie von La Salette haben mit dem Sieg der Missa Tridentina einen sp\u00e4teren, konsequent lehrtreuen Papst vorausgesagt, so da\u00df statt Torschlu\u00df\u2010Panik Ruhe und Gottvertrauen in alle Herzen einkehren mu\u00df. Denn die r\u00f6misch-katholische Kirche wird wieder aufbl\u00fchen. <\/p>\n\n\n\n<p class=\"has-text-align-right\"><em>Buch: Der Volksaltar wackelt (15 \u20ac)<\/em><\/p>\n","protected":false},"excerpt":{"rendered":"<p>Katholiken, welche die Missa Tridentina lieben und am tradierten Katechismus festhalten, m\u00fcssen nicht zwangsl\u00e4ufig zusammen mit der FSSPX in die Exkommunikation gehen. Die innerkirchliche Petrus\u2010Bruderschaft in Wigratzbad, das Institut Christusk\u00f6nig und Hoherpriester, die SJM (Diener JESU und Mariens) und das Institut Philipp Neri bewahren den katholischen Glauben und feiern die klassische Liturgie. Ebenso einzelne Priester&hellip;<\/p>\n","protected":false},"author":1,"featured_media":10465,"comment_status":"closed","ping_status":"closed","sticky":false,"template":"","format":"standard","meta":{"footnotes":""},"categories":[21,4],"tags":[],"class_list":["post-10464","post","type-post","status-publish","format-standard","has-post-thumbnail","hentry","category-religionen","category-kurier-der-christlichen-mitte","entry"],"_links":{"self":[{"href":"https:\/\/christliche-mitte.de\/index.php\/wp-json\/wp\/v2\/posts\/10464","targetHints":{"allow":["GET"]}}],"collection":[{"href":"https:\/\/christliche-mitte.de\/index.php\/wp-json\/wp\/v2\/posts"}],"about":[{"href":"https:\/\/christliche-mitte.de\/index.php\/wp-json\/wp\/v2\/types\/post"}],"author":[{"embeddable":true,"href":"https:\/\/christliche-mitte.de\/index.php\/wp-json\/wp\/v2\/users\/1"}],"replies":[{"embeddable":true,"href":"https:\/\/christliche-mitte.de\/index.php\/wp-json\/wp\/v2\/comments?post=10464"}],"version-history":[{"count":1,"href":"https:\/\/christliche-mitte.de\/index.php\/wp-json\/wp\/v2\/posts\/10464\/revisions"}],"predecessor-version":[{"id":10466,"href":"https:\/\/christliche-mitte.de\/index.php\/wp-json\/wp\/v2\/posts\/10464\/revisions\/10466"}],"wp:featuredmedia":[{"embeddable":true,"href":"https:\/\/christliche-mitte.de\/index.php\/wp-json\/wp\/v2\/media\/10465"}],"wp:attachment":[{"href":"https:\/\/christliche-mitte.de\/index.php\/wp-json\/wp\/v2\/media?parent=10464"}],"wp:term":[{"taxonomy":"category","embeddable":true,"href":"https:\/\/christliche-mitte.de\/index.php\/wp-json\/wp\/v2\/categories?post=10464"},{"taxonomy":"post_tag","embeddable":true,"href":"https:\/\/christliche-mitte.de\/index.php\/wp-json\/wp\/v2\/tags?post=10464"}],"curies":[{"name":"wp","href":"https:\/\/api.w.org\/{rel}","templated":true}]}}