{"id":10461,"date":"2026-05-01T08:00:00","date_gmt":"2026-05-01T06:00:00","guid":{"rendered":"https:\/\/christliche-mitte.de\/?p=10461"},"modified":"2026-04-23T08:24:46","modified_gmt":"2026-04-23T06:24:46","slug":"glaube-an-das-leben","status":"publish","type":"post","link":"https:\/\/christliche-mitte.de\/index.php\/2026\/05\/01\/glaube-an-das-leben\/","title":{"rendered":"Glaube an das Leben!"},"content":{"rendered":"\n<p><strong>Viktor Frankl (\u20201997), ein ber\u00fchmter \u00f6sterreichischer Psychiater, \u00fcberlebt Auschwitz als einziger seiner Familie.<\/strong><\/p>\n\n\n\n<p>In seiner Not geht ihm auf: Immer ist noch ein Sinn da. Wir m\u00fcssen ihn nur ergreifen und ein Ja zum Leben sagen. Nicht wir haben nach dem Sinn des Lebens zu fragen, sondern das Leben stellt uns Fragen. Wir haben zu antworten und uns zu verantworten. Wir haben die Tatsache unserer Existenz anzunehmen und uns ihr zu beugen. Weglaufen hilft nie. Es f\u00fchrt nur in die Unfreiheit. Ja zu sagen, f\u00fchrt zu GOTT. Denn wer an das Leben glaubt, glaubt schlie\u00dflich auch an das ewige Leben, weil GOTT es mit uns lebt.<\/p>\n","protected":false},"excerpt":{"rendered":"<p>Viktor Frankl (\u20201997), ein ber\u00fchmter \u00f6sterreichischer Psychiater, \u00fcberlebt Auschwitz als einziger seiner Familie. In seiner Not geht ihm auf: Immer ist noch ein Sinn da. Wir m\u00fcssen ihn nur ergreifen und ein Ja zum Leben sagen. Nicht wir haben nach dem Sinn des Lebens zu fragen, sondern das Leben stellt uns Fragen. Wir haben zu&hellip;<\/p>\n","protected":false},"author":1,"featured_media":10462,"comment_status":"closed","ping_status":"closed","sticky":false,"template":"","format":"standard","meta":{"footnotes":""},"categories":[71,4],"tags":[],"class_list":["post-10461","post","type-post","status-publish","format-standard","has-post-thumbnail","hentry","category-christus-glaube","category-kurier-der-christlichen-mitte","entry"],"_links":{"self":[{"href":"https:\/\/christliche-mitte.de\/index.php\/wp-json\/wp\/v2\/posts\/10461","targetHints":{"allow":["GET"]}}],"collection":[{"href":"https:\/\/christliche-mitte.de\/index.php\/wp-json\/wp\/v2\/posts"}],"about":[{"href":"https:\/\/christliche-mitte.de\/index.php\/wp-json\/wp\/v2\/types\/post"}],"author":[{"embeddable":true,"href":"https:\/\/christliche-mitte.de\/index.php\/wp-json\/wp\/v2\/users\/1"}],"replies":[{"embeddable":true,"href":"https:\/\/christliche-mitte.de\/index.php\/wp-json\/wp\/v2\/comments?post=10461"}],"version-history":[{"count":1,"href":"https:\/\/christliche-mitte.de\/index.php\/wp-json\/wp\/v2\/posts\/10461\/revisions"}],"predecessor-version":[{"id":10463,"href":"https:\/\/christliche-mitte.de\/index.php\/wp-json\/wp\/v2\/posts\/10461\/revisions\/10463"}],"wp:featuredmedia":[{"embeddable":true,"href":"https:\/\/christliche-mitte.de\/index.php\/wp-json\/wp\/v2\/media\/10462"}],"wp:attachment":[{"href":"https:\/\/christliche-mitte.de\/index.php\/wp-json\/wp\/v2\/media?parent=10461"}],"wp:term":[{"taxonomy":"category","embeddable":true,"href":"https:\/\/christliche-mitte.de\/index.php\/wp-json\/wp\/v2\/categories?post=10461"},{"taxonomy":"post_tag","embeddable":true,"href":"https:\/\/christliche-mitte.de\/index.php\/wp-json\/wp\/v2\/tags?post=10461"}],"curies":[{"name":"wp","href":"https:\/\/api.w.org\/{rel}","templated":true}]}}