{"id":10292,"date":"2026-01-01T08:00:00","date_gmt":"2026-01-01T07:00:00","guid":{"rendered":"https:\/\/christliche-mitte.de\/?p=10292"},"modified":"2025-12-13T12:34:32","modified_gmt":"2025-12-13T11:34:32","slug":"kardinal-newman-als-kirchenlehrer","status":"publish","type":"post","link":"https:\/\/christliche-mitte.de\/index.php\/2026\/01\/01\/kardinal-newman-als-kirchenlehrer\/","title":{"rendered":"Kardinal Newman als Kirchenlehrer"},"content":{"rendered":"\n<p><strong>Papst Leo XIV. hat den ehemals anglikanischen Geistlichen und zum Katholizismus konvertierten sp\u00e4teren Kardinal John Henry Newman (1801\u20101890) zum Kirchenlehrer erhoben. <\/strong><\/p>\n\n\n\n<p>Der Akt erfolgte zu Beginn eines feierlichen Gottesdienstes 2025 auf dem Petersplatz. Mehrere zehntausende Katholiken waren anwesend. <strong>Leo XIV.<\/strong> ernannte Newman im Rahmen des Gottesdienstes zugleich zum \u201eSchutz patron des katholischen Bildungswesens.\u201c Diesen Rang erhielt dereinst auch der bis heute popul\u00e4re mittelalterliche Kirchenlehrer <strong>Thomas von Aquin<\/strong> (1225\u20101274). Thomas von Aquin ist der gr\u00f6\u00dfte Denker, Philosoph und Priester der Scholastik des 13. Jahrhunderts, die Glaube und Wissenschaft miteinander zu verkn\u00fcpfen suchte. In seiner Predigt am Tage der Erhebung <strong>John Henry Newmans<\/strong> zum Kirchenlehrer betonte der Papst: \u201eWir m\u00fcssen gemeinsam daran arbeiten, die Menschheit aus dem Dunkel des Nihilismus zu befreien, der sie umgibt und vielleicht die gef\u00e4hrlichste Krankheit der gegenw\u00e4rtigen Kultur ist, da er die Hoffnung \u02b9auszul\u00f6schen\u02b9 droht.&#8220; Newman wurde 1801 in London geboren und 1825 in Oxford zum Priester der anglikanischen Kirche geweiht. Nach langen inneren K\u00e4mpfen konvertierte der prominente Gelehrte 1845 zum Katholizismus. 1847 folgte seine Priesterweihe in Rom. In der katholischen Kirche ent wickelte er eine pr\u00e4gende Rolle als Erneuerer der Theologie und sp\u00e4ter als Kardinal. Er starb am 11. August 1890 in Edgbaston, heute Birmingham. <\/p>\n\n\n\n<p class=\"has-text-align-right\"><em>Buch: Die Unbesiegbare. Abenteuer Kirchengeschichte (10 \u20ac)<\/em><\/p>\n","protected":false},"excerpt":{"rendered":"<p>Papst Leo XIV. hat den ehemals anglikanischen Geistlichen und zum Katholizismus konvertierten sp\u00e4teren Kardinal John Henry Newman (1801\u20101890) zum Kirchenlehrer erhoben. Der Akt erfolgte zu Beginn eines feierlichen Gottesdienstes 2025 auf dem Petersplatz. Mehrere zehntausende Katholiken waren anwesend. Leo XIV. ernannte Newman im Rahmen des Gottesdienstes zugleich zum \u201eSchutz patron des katholischen Bildungswesens.\u201c Diesen Rang&hellip;<\/p>\n","protected":false},"author":1,"featured_media":10293,"comment_status":"closed","ping_status":"closed","sticky":false,"template":"","format":"standard","meta":{"footnotes":""},"categories":[22,4],"tags":[],"class_list":["post-10292","post","type-post","status-publish","format-standard","has-post-thumbnail","hentry","category-kurze-beitraege","category-kurier-der-christlichen-mitte","entry"],"_links":{"self":[{"href":"https:\/\/christliche-mitte.de\/index.php\/wp-json\/wp\/v2\/posts\/10292","targetHints":{"allow":["GET"]}}],"collection":[{"href":"https:\/\/christliche-mitte.de\/index.php\/wp-json\/wp\/v2\/posts"}],"about":[{"href":"https:\/\/christliche-mitte.de\/index.php\/wp-json\/wp\/v2\/types\/post"}],"author":[{"embeddable":true,"href":"https:\/\/christliche-mitte.de\/index.php\/wp-json\/wp\/v2\/users\/1"}],"replies":[{"embeddable":true,"href":"https:\/\/christliche-mitte.de\/index.php\/wp-json\/wp\/v2\/comments?post=10292"}],"version-history":[{"count":1,"href":"https:\/\/christliche-mitte.de\/index.php\/wp-json\/wp\/v2\/posts\/10292\/revisions"}],"predecessor-version":[{"id":10294,"href":"https:\/\/christliche-mitte.de\/index.php\/wp-json\/wp\/v2\/posts\/10292\/revisions\/10294"}],"wp:featuredmedia":[{"embeddable":true,"href":"https:\/\/christliche-mitte.de\/index.php\/wp-json\/wp\/v2\/media\/10293"}],"wp:attachment":[{"href":"https:\/\/christliche-mitte.de\/index.php\/wp-json\/wp\/v2\/media?parent=10292"}],"wp:term":[{"taxonomy":"category","embeddable":true,"href":"https:\/\/christliche-mitte.de\/index.php\/wp-json\/wp\/v2\/categories?post=10292"},{"taxonomy":"post_tag","embeddable":true,"href":"https:\/\/christliche-mitte.de\/index.php\/wp-json\/wp\/v2\/tags?post=10292"}],"curies":[{"name":"wp","href":"https:\/\/api.w.org\/{rel}","templated":true}]}}