{"id":10288,"date":"2026-01-01T08:00:00","date_gmt":"2026-01-01T07:00:00","guid":{"rendered":"https:\/\/christliche-mitte.de\/?p=10288"},"modified":"2025-12-13T12:28:43","modified_gmt":"2025-12-13T11:28:43","slug":"rom-missa-tridentina-im-petersdom","status":"publish","type":"post","link":"https:\/\/christliche-mitte.de\/index.php\/2026\/01\/01\/rom-missa-tridentina-im-petersdom\/","title":{"rendered":"Rom: Missa Tridentina im Petersdom"},"content":{"rendered":"\n<p><strong>Zum ersten Mal seit den motu proprios des verstorbenen Papstes Franziskus (\u20202025) lie\u00df Papst Leo XIV. im Herbst 2025 das hl. Me\u00dfopfer im klassischen Ritus am Hauptaltar von St. Peter feiern. Zelebrant war Kardinal Burke. <\/strong><\/p>\n\n\n\n<p>Der Andrang bei der Missa Tridentina war gro\u00df: \u201eSchon mehr als eine halbe Stunde vor Beginn waren alle Sitzpl\u00e4tze zwischen dem Bernini\u2010Baldachin und dem Apsis\u2010Altar besetzt, mehrere hundert Menschen standen an den Seiten oder setzten sich auf den Boden\u201c, berichtet KNA. An der Messe nahmen Menschen jeden Alters und unterschiedlichster Nationalit\u00e4ten teil. Viele Frauen bedeckten ihr Haar mit schwarzen oder wei\u00dfen Spitzent\u00fcchern. Alle Anwesenden empfingen die Mundkommunion als Zeichen der Ehrfurcht vor GOTT. Kardinal <strong>Burke <\/strong>ist einer der f\u00fcnf \u201eDubia\u201cKardin\u00e4le und Gegner der Reformen von <strong>Papst Franziskus<\/strong> (2013-2025). Er bat Papst <strong>Leo XIV.<\/strong> um die weltweite Wiederzulassung der Missa Tridentina. Die Feier im Petersdom am 25. Okto ber 2025 wurde organisiert von der innerkirchlichen Vereinigung \u201eCoetus internationalis summorum pontificum\u201c.<\/p>\n","protected":false},"excerpt":{"rendered":"<p>Zum ersten Mal seit den motu proprios des verstorbenen Papstes Franziskus (\u20202025) lie\u00df Papst Leo XIV. im Herbst 2025 das hl. Me\u00dfopfer im klassischen Ritus am Hauptaltar von St. Peter feiern. Zelebrant war Kardinal Burke. Der Andrang bei der Missa Tridentina war gro\u00df: \u201eSchon mehr als eine halbe Stunde vor Beginn waren alle Sitzpl\u00e4tze zwischen&hellip;<\/p>\n","protected":false},"author":1,"featured_media":10290,"comment_status":"closed","ping_status":"closed","sticky":false,"template":"","format":"standard","meta":{"footnotes":""},"categories":[22,4],"tags":[],"class_list":["post-10288","post","type-post","status-publish","format-standard","has-post-thumbnail","hentry","category-kurze-beitraege","category-kurier-der-christlichen-mitte","entry"],"_links":{"self":[{"href":"https:\/\/christliche-mitte.de\/index.php\/wp-json\/wp\/v2\/posts\/10288","targetHints":{"allow":["GET"]}}],"collection":[{"href":"https:\/\/christliche-mitte.de\/index.php\/wp-json\/wp\/v2\/posts"}],"about":[{"href":"https:\/\/christliche-mitte.de\/index.php\/wp-json\/wp\/v2\/types\/post"}],"author":[{"embeddable":true,"href":"https:\/\/christliche-mitte.de\/index.php\/wp-json\/wp\/v2\/users\/1"}],"replies":[{"embeddable":true,"href":"https:\/\/christliche-mitte.de\/index.php\/wp-json\/wp\/v2\/comments?post=10288"}],"version-history":[{"count":2,"href":"https:\/\/christliche-mitte.de\/index.php\/wp-json\/wp\/v2\/posts\/10288\/revisions"}],"predecessor-version":[{"id":10291,"href":"https:\/\/christliche-mitte.de\/index.php\/wp-json\/wp\/v2\/posts\/10288\/revisions\/10291"}],"wp:featuredmedia":[{"embeddable":true,"href":"https:\/\/christliche-mitte.de\/index.php\/wp-json\/wp\/v2\/media\/10290"}],"wp:attachment":[{"href":"https:\/\/christliche-mitte.de\/index.php\/wp-json\/wp\/v2\/media?parent=10288"}],"wp:term":[{"taxonomy":"category","embeddable":true,"href":"https:\/\/christliche-mitte.de\/index.php\/wp-json\/wp\/v2\/categories?post=10288"},{"taxonomy":"post_tag","embeddable":true,"href":"https:\/\/christliche-mitte.de\/index.php\/wp-json\/wp\/v2\/tags?post=10288"}],"curies":[{"name":"wp","href":"https:\/\/api.w.org\/{rel}","templated":true}]}}