{"id":10215,"date":"2025-11-01T08:00:00","date_gmt":"2025-11-01T07:00:00","guid":{"rendered":"https:\/\/christliche-mitte.de\/?p=10215"},"modified":"2025-10-13T22:31:13","modified_gmt":"2025-10-13T20:31:13","slug":"wird-deutschland-sich-verteidigen-koennen","status":"publish","type":"post","link":"https:\/\/christliche-mitte.de\/index.php\/2025\/11\/01\/wird-deutschland-sich-verteidigen-koennen\/","title":{"rendered":"Wird Deutschland sich verteidigen k\u00f6nnen?"},"content":{"rendered":"\n<p><strong>Von 1002 befragten Deutschen wollen sich 60% bei einem Angriff nicht verteidigen.<\/strong><\/p>\n\n\n\n<p>Von den befragten M\u00e4nnern sind nur 27% bereit, zur Waffe zu greifen. Von den Frauen unterst\u00fctzen nur 8% die Wehrpflicht. Bei den Gr\u00fcnen sind nur 10% verteidigungsbereit, bei den Linken 8%. AfD und BSW glauben nicht, da\u00df Ru\u00dfland den Westen angreifen wird. SPD und die Union sehen das anders. Zumal die Gottesmutter in Fatima (1917) die Russen als \u201eGei\u00dfel Europas\u201c ank\u00fcndigte, wenn \u201eRu\u00dfland sich nicht be kehrt.\u201c Bundeskanzler Friedrich Merz (CDU) setzt auf Abschreckung und das Zeigen von St\u00e4rke: \u201eWir m\u00fcssen uns verteidigen k\u00f6nnen, damit wir uns nicht verteidigen m\u00fcssen.\u201c <\/p>\n\n\n\n<p class=\"has-text-align-right\"><em>Buch: Die Vertreibung der Deutschen aus der Tschechoslowakei (15 \u20ac)<\/em><\/p>\n","protected":false},"excerpt":{"rendered":"<p>Von 1002 befragten Deutschen wollen sich 60% bei einem Angriff nicht verteidigen. Von den befragten M\u00e4nnern sind nur 27% bereit, zur Waffe zu greifen. Von den Frauen unterst\u00fctzen nur 8% die Wehrpflicht. Bei den Gr\u00fcnen sind nur 10% verteidigungsbereit, bei den Linken 8%. AfD und BSW glauben nicht, da\u00df Ru\u00dfland den Westen angreifen wird. SPD&hellip;<\/p>\n","protected":false},"author":1,"featured_media":10217,"comment_status":"closed","ping_status":"closed","sticky":false,"template":"","format":"standard","meta":{"footnotes":""},"categories":[22,72,4],"tags":[],"class_list":["post-10215","post","type-post","status-publish","format-standard","has-post-thumbnail","hentry","category-kurze-beitraege","category-informationen-aus-der-politik","category-kurier-der-christlichen-mitte","entry"],"_links":{"self":[{"href":"https:\/\/christliche-mitte.de\/index.php\/wp-json\/wp\/v2\/posts\/10215","targetHints":{"allow":["GET"]}}],"collection":[{"href":"https:\/\/christliche-mitte.de\/index.php\/wp-json\/wp\/v2\/posts"}],"about":[{"href":"https:\/\/christliche-mitte.de\/index.php\/wp-json\/wp\/v2\/types\/post"}],"author":[{"embeddable":true,"href":"https:\/\/christliche-mitte.de\/index.php\/wp-json\/wp\/v2\/users\/1"}],"replies":[{"embeddable":true,"href":"https:\/\/christliche-mitte.de\/index.php\/wp-json\/wp\/v2\/comments?post=10215"}],"version-history":[{"count":1,"href":"https:\/\/christliche-mitte.de\/index.php\/wp-json\/wp\/v2\/posts\/10215\/revisions"}],"predecessor-version":[{"id":10218,"href":"https:\/\/christliche-mitte.de\/index.php\/wp-json\/wp\/v2\/posts\/10215\/revisions\/10218"}],"wp:featuredmedia":[{"embeddable":true,"href":"https:\/\/christliche-mitte.de\/index.php\/wp-json\/wp\/v2\/media\/10217"}],"wp:attachment":[{"href":"https:\/\/christliche-mitte.de\/index.php\/wp-json\/wp\/v2\/media?parent=10215"}],"wp:term":[{"taxonomy":"category","embeddable":true,"href":"https:\/\/christliche-mitte.de\/index.php\/wp-json\/wp\/v2\/categories?post=10215"},{"taxonomy":"post_tag","embeddable":true,"href":"https:\/\/christliche-mitte.de\/index.php\/wp-json\/wp\/v2\/tags?post=10215"}],"curies":[{"name":"wp","href":"https:\/\/api.w.org\/{rel}","templated":true}]}}