{"id":10211,"date":"2025-11-01T08:00:00","date_gmt":"2025-11-01T07:00:00","guid":{"rendered":"https:\/\/christliche-mitte.de\/?p=10211"},"modified":"2025-10-13T22:31:24","modified_gmt":"2025-10-13T20:31:24","slug":"tibet-suche-nach-dem-dalai-lama","status":"publish","type":"post","link":"https:\/\/christliche-mitte.de\/index.php\/2025\/11\/01\/tibet-suche-nach-dem-dalai-lama\/","title":{"rendered":"Tibet: Suche nach dem Dalai Lama"},"content":{"rendered":"\n<p><strong>Das geistliche und weltliche Oberhaupt der Tibeter wurde im Juli 90 Jahre. Die Tibeter sehen in ihm die 14. Wiedergeburt des \u201eBuddhas des Mitgef\u00fchls\u201c.<\/strong><\/p>\n\n\n\n<p>\u201eDalai Lama\u201c hei\u00dft \u00fcbersetzt \u201eOzean der Weisheit\u201c. Anders als wir Christen glauben Buddhisten an die \u201eSeelenwanderung\u201c und innerweltliche \u201eWiedergeburt\u201c. Seit dem 17. Jahrhundert leitet der Dalai Lama die Tibeter. Wenn ein Dalai Lama stirbt, suchen die M\u00f6nche nach einem Kind, in welchem \u201edie Seele des Buddhas fortlebt\u201c, und welches als Nachfolger erzogen wird. Der heutige 14. Da lai Lama wurde 1935 in einer Bauernfamilie im Nord\u2010Osten Tibets geboren und trug den b\u00fcrgerlichen Namen Lhamo Thondrup. Mit vier Jahren wurde er als Dalai Lama inthronisiert, mit 15 Oberhaupt Tibets. Noch im selben Jahr eroberte China Tibet. Heute ist er weltweit so bekannt und verehrt wie Papst Johannes Paul II. oder Mutter Teresa bei Katholiken. <\/p>\n\n\n\n<p><strong>Chinesen in Tibet <\/strong><\/p>\n\n\n\n<p>Es kam zu einem erfolglosen Volksaufstand der Tibeter, doch w\u00e4hrend der Niederschlagung des tibetischen Volksaufstandes gelang dem 14. Dalia Lama 1959 die Flucht aus Lhasa nach Indien. Die Chinesen zerst\u00f6rten daraufhin die meisten Kl\u00f6ster und Tempel der Buddhisten in Tibet. Der gefl\u00fcchtete Dalai Lama baute unterdessen im indischen Dharamsala seine Exil\u2010Regierung auf, der weltweit etwa 6 Mio Tibeter unterstehen. 2011 \u00fcbergab er aus Altersgr\u00fcnden seine weltlichen Aufgaben dem nicht\u2010geistlichen tibetischen Mi nister\u2010Pr\u00e4sidenten. <\/p>\n\n\n\n<p><strong>Symbol\u2010Figur gewaltlosen Widerstands <\/strong><\/p>\n\n\n\n<p>1989 erhielt der 14. Dalai Lama den Friedens\u2010Nobel\u2010Preis. Er gilt f\u00fcr die Buddhisten als \u201eZeichen gewaltlosen Widerstands\u201c gegen Gewalt und Krieg. Sein erkl\u00e4rtes Ziel war zeitlebens ein autonomes Tibet mit kultureller und religi\u00f6ser Freiheit. China aber lie\u00df sich nicht darauf ein, sondern f\u00fchrte eine gewaltsame Umerziehung aller Tibeter zur chinesischatheistischen Kultur durch. Der Kommunismus aus der Hauptstadt Peking sollte und soll heute noch in Tibet herrschen. <\/p>\n\n\n\n<p><strong>Wer wird der Nachfolger? <\/strong><\/p>\n\n\n\n<p>Die Suche nach dem 15. Dalai Lama ist schwieriger als fr\u00fcher, da die Chinesen heute als Landesherren ein Mitsprache\u2010Recht beanspruchen. Da\u00df dies eine Absurdit\u00e4t ist, ist den Tibetern klar, denn wie wollen Kommunisten ein Kind finden, in welchem die \u201eSeele Buddhas weiterlebt\u201c? Zudem diskreditiert Peking derzeit st\u00e4ndig den guten Ruf des Dalai Lama durch Verleumdungen, um ihm den R\u00fcckhalt bei den Tibetern zu nehmen. Doch entgegen aller \u00fcblen Nachrede zeigt der Dalai Lama stets G\u00fcte und H\u00f6flichkeit. Da\u00df er einen 15. Dalai Lama als seinen Nachfolger noch zu seinen Lebzeiten ausw\u00e4hlen werde, hat er bereits er kl\u00e4rt, doch werde dieser erst nach dem Tod des jetzigen dem Volk pr\u00e4sentiert werden. \u201eEr wird au\u00dferhalb des besetzten Tibets wiedergeboren werden\u201c, versichert der jetzige Dalai Lama, \u201ePe kings Zugriff und Manipulation entzogen.\u201c <\/p>\n\n\n\n<p><strong>Der chinesische Gegen\u2010Dalai Lama <\/strong><\/p>\n\n\n\n<p>China ist derweil schon daran, einen eigenen \u201eGegen\u2010Dalai Lama\u201c heranzubilden. Dieser mu\u00df dem chinesischen Staat treu und Kommunist sein, denn die Tibeter gelten als Separatisten. Da Peking auf einem MitspracheRecht besteht, ist der n\u00e4chste Konflikt vorprogrammiert: \u201eDie Re\u2010Inkarnation des Dalai Lama mu\u00df durch Los\u2010Ziehung aus der Goldenen Urne bestimmt und anschlie\u00dfend von der ZentralRegierung genehmigt werden!\u201c, verlangt Au\u00dfenamts\u2010Sprecher Mao Ning. <\/p>\n\n\n\n<p class=\"has-text-align-right\"><em>Sr. M. Anja Henkel CM\u2010Antiquariat: <\/em><br><em>5000 Jahre Tradition und Geschichte des Alten China (20 \u20ac)<\/em><\/p>\n","protected":false},"excerpt":{"rendered":"<p>Das geistliche und weltliche Oberhaupt der Tibeter wurde im Juli 90 Jahre. Die Tibeter sehen in ihm die 14. Wiedergeburt des \u201eBuddhas des Mitgef\u00fchls\u201c. \u201eDalai Lama\u201c hei\u00dft \u00fcbersetzt \u201eOzean der Weisheit\u201c. Anders als wir Christen glauben Buddhisten an die \u201eSeelenwanderung\u201c und innerweltliche \u201eWiedergeburt\u201c. Seit dem 17. Jahrhundert leitet der Dalai Lama die Tibeter. Wenn ein&hellip;<\/p>\n","protected":false},"author":1,"featured_media":10212,"comment_status":"closed","ping_status":"closed","sticky":false,"template":"","format":"standard","meta":{"footnotes":""},"categories":[72,21,4],"tags":[],"class_list":["post-10211","post","type-post","status-publish","format-standard","has-post-thumbnail","hentry","category-informationen-aus-der-politik","category-religionen","category-kurier-der-christlichen-mitte","entry"],"_links":{"self":[{"href":"https:\/\/christliche-mitte.de\/index.php\/wp-json\/wp\/v2\/posts\/10211","targetHints":{"allow":["GET"]}}],"collection":[{"href":"https:\/\/christliche-mitte.de\/index.php\/wp-json\/wp\/v2\/posts"}],"about":[{"href":"https:\/\/christliche-mitte.de\/index.php\/wp-json\/wp\/v2\/types\/post"}],"author":[{"embeddable":true,"href":"https:\/\/christliche-mitte.de\/index.php\/wp-json\/wp\/v2\/users\/1"}],"replies":[{"embeddable":true,"href":"https:\/\/christliche-mitte.de\/index.php\/wp-json\/wp\/v2\/comments?post=10211"}],"version-history":[{"count":2,"href":"https:\/\/christliche-mitte.de\/index.php\/wp-json\/wp\/v2\/posts\/10211\/revisions"}],"predecessor-version":[{"id":10214,"href":"https:\/\/christliche-mitte.de\/index.php\/wp-json\/wp\/v2\/posts\/10211\/revisions\/10214"}],"wp:featuredmedia":[{"embeddable":true,"href":"https:\/\/christliche-mitte.de\/index.php\/wp-json\/wp\/v2\/media\/10212"}],"wp:attachment":[{"href":"https:\/\/christliche-mitte.de\/index.php\/wp-json\/wp\/v2\/media?parent=10211"}],"wp:term":[{"taxonomy":"category","embeddable":true,"href":"https:\/\/christliche-mitte.de\/index.php\/wp-json\/wp\/v2\/categories?post=10211"},{"taxonomy":"post_tag","embeddable":true,"href":"https:\/\/christliche-mitte.de\/index.php\/wp-json\/wp\/v2\/tags?post=10211"}],"curies":[{"name":"wp","href":"https:\/\/api.w.org\/{rel}","templated":true}]}}