{"id":10157,"date":"2025-10-01T08:00:00","date_gmt":"2025-10-01T06:00:00","guid":{"rendered":"https:\/\/christliche-mitte.de\/?p=10157"},"modified":"2025-09-15T20:32:04","modified_gmt":"2025-09-15T18:32:04","slug":"die-gustloff-tragoedie","status":"publish","type":"post","link":"https:\/\/christliche-mitte.de\/index.php\/2025\/10\/01\/die-gustloff-tragoedie\/","title":{"rendered":"Die Gustloff-Trag\u00f6die"},"content":{"rendered":"\n<p><strong>Guido Grandt erinnert in dieser neuen, packenden Brosch\u00fcre an die grausame Versenkung des Fl\u00fcchtlingsschiffes \u201eWilhelm Gustloff\u201c.<\/strong><\/p>\n\n\n\n<p>Durch das sowjetische U\u2010Boot S-13 wurde die deutsche \u201eWilhelm Gustloff\u201c kurz vor Ende des Zweiten Weltkriegs 1945 versenkt. Es ist die gr\u00f6\u00dfte Schiffskatastrophe der Weltgeschichte. \u00dcber 9.300 Menschen fanden in den eisigen Fluten der Ostsee den Tod. <\/p>\n\n\n\n<p>Dr. <strong>Guido Grandt<\/strong> dokumentiert nicht nur die \u201eH\u00f6lle auf See\u201c, sondern auch den Leidensweg von Millionen deutschen Vertriebenen. Dabei vermittelt er<br>bisher verschwiegenes Wissen und zeigt ungeschminkt auf, warum der linksgr\u00fcne Mainstream die Vertreibungsverbrechen bis heute \u201everh\u00f6hnt, verp\u00f6nt und verharmlost\u201c. <\/p>\n\n\n\n<p class=\"has-text-align-right\"><em>Buch: <a href=\"https:\/\/christliche-mitte.de\/index.php\/produkt\/hoelle-auf-see\/\" data-type=\"product\" data-id=\"10158\">H\u00f6lle auf See. Die Gustloff\u2010Trag\u00f6die<\/a> (7,90 \u20ac)<\/em><\/p>\n","protected":false},"excerpt":{"rendered":"<p>Guido Grandt erinnert in dieser neuen, packenden Brosch\u00fcre an die grausame Versenkung des Fl\u00fcchtlingsschiffes \u201eWilhelm Gustloff\u201c. Durch das sowjetische U\u2010Boot S-13 wurde die deutsche \u201eWilhelm Gustloff\u201c kurz vor Ende des Zweiten Weltkriegs 1945 versenkt. Es ist die gr\u00f6\u00dfte Schiffskatastrophe der Weltgeschichte. \u00dcber 9.300 Menschen fanden in den eisigen Fluten der Ostsee den Tod. Dr. Guido&hellip;<\/p>\n","protected":false},"author":1,"featured_media":10159,"comment_status":"closed","ping_status":"closed","sticky":false,"template":"","format":"standard","meta":{"footnotes":""},"categories":[72,4],"tags":[],"class_list":["post-10157","post","type-post","status-publish","format-standard","has-post-thumbnail","hentry","category-informationen-aus-der-politik","category-kurier-der-christlichen-mitte","entry"],"_links":{"self":[{"href":"https:\/\/christliche-mitte.de\/index.php\/wp-json\/wp\/v2\/posts\/10157","targetHints":{"allow":["GET"]}}],"collection":[{"href":"https:\/\/christliche-mitte.de\/index.php\/wp-json\/wp\/v2\/posts"}],"about":[{"href":"https:\/\/christliche-mitte.de\/index.php\/wp-json\/wp\/v2\/types\/post"}],"author":[{"embeddable":true,"href":"https:\/\/christliche-mitte.de\/index.php\/wp-json\/wp\/v2\/users\/1"}],"replies":[{"embeddable":true,"href":"https:\/\/christliche-mitte.de\/index.php\/wp-json\/wp\/v2\/comments?post=10157"}],"version-history":[{"count":2,"href":"https:\/\/christliche-mitte.de\/index.php\/wp-json\/wp\/v2\/posts\/10157\/revisions"}],"predecessor-version":[{"id":10161,"href":"https:\/\/christliche-mitte.de\/index.php\/wp-json\/wp\/v2\/posts\/10157\/revisions\/10161"}],"wp:featuredmedia":[{"embeddable":true,"href":"https:\/\/christliche-mitte.de\/index.php\/wp-json\/wp\/v2\/media\/10159"}],"wp:attachment":[{"href":"https:\/\/christliche-mitte.de\/index.php\/wp-json\/wp\/v2\/media?parent=10157"}],"wp:term":[{"taxonomy":"category","embeddable":true,"href":"https:\/\/christliche-mitte.de\/index.php\/wp-json\/wp\/v2\/categories?post=10157"},{"taxonomy":"post_tag","embeddable":true,"href":"https:\/\/christliche-mitte.de\/index.php\/wp-json\/wp\/v2\/tags?post=10157"}],"curies":[{"name":"wp","href":"https:\/\/api.w.org\/{rel}","templated":true}]}}