{"id":10125,"date":"2025-09-01T08:00:00","date_gmt":"2025-09-01T06:00:00","guid":{"rendered":"https:\/\/christliche-mitte.de\/?p=10125"},"modified":"2025-08-18T20:50:43","modified_gmt":"2025-08-18T18:50:43","slug":"von-der-leyen-verrennt-sich","status":"publish","type":"post","link":"https:\/\/christliche-mitte.de\/index.php\/2025\/09\/01\/von-der-leyen-verrennt-sich\/","title":{"rendered":"Von der Leyen verrennt sich"},"content":{"rendered":"\n<p><strong>EU\u2010Kommissarin Ursula von der Leyen (66) k\u00e4mpft f\u00fcr LGBTQ, was wiederum Ungarns Kanzler Orban als liberale Kampf\u2010Ansage betrachtet und gegensteuert.<\/strong><\/p>\n\n\n\n<p>Die diesj\u00e4hrige Homo\u2010Parade in Ungarn verbietet er kurzerhand Ende Juni 25. Pr\u00e4sident Orban ist reformierter Christ, der die Kinder in Budapests Stra\u00dfen vor dem Beispiel Halbnackter sch\u00fctzen will. In der ungarischen Verfassung hat er bereits ein Verbot von LGBTQ durchgesetzt. Doch jetzt trifft er auf den Widerstand von EU\u2010Kommissarin Ursula von der Leyen: \u201eUnsere EU\u2010Union steht f\u00fcr Gleichheit und Nichtdiskriminierung.\u201c Das seien \u201eEU\u2010GrundWerte\u201c. Doch so ganz stimmt das nicht, denn die Gr\u00fcnderv\u00e4ter der EU (Adenauer, de Gasperi, Schuman) waren praktizierende Katholiken. <\/p>\n\n\n\n<p>Auch Orban sieht die Grundwerte in der Bibel gegeben, die Homosexualit\u00e4t verbietet (R\u00f6m 6,13). Daher sein Verbot der Homo\u2010Parade. Orban hatte angek\u00fcndigt, alle Teilnehmer mit Geldstrafe zu belegen, notfalls einzusperren. Die Polizei sollte Laser\u2010Erkennungen durchf\u00fchren. Wie Orban das Problem l\u00f6sen wird, steht noch aus. Der liberale B\u00fcrgermeister von Budapest, Gergely Karacsony, sieht jedenfalls das Recht seiner Stadt eingeschr\u00e4nkt, wenn alle Marsch\u2010Teilnehmer hinter Gitter gesetzt w\u00fcrden. Er erlaubte also den bereits seit 30 Jahren stattfindenden, j\u00e4hrlichen Umzug. Da gibt Orban nach: Die Polizei soll trotz des staatlichen Verbots die Demo nicht aufl\u00f6sen, denn \u201eUngarn sei ein zivilisiertes Land.\u201c Allerdings laufen w\u00e4hrend des Marsches \u00dcberwachungs\u2010Kameras an Laternenmasten, so da\u00df Gesichter der Teilnehmer aufgenommen werden k\u00f6nnen. 33 Staaten \u2013 unter ihnen fast alle EU\u2010Mitgliedsstaaten, auch Deutschland \u2010 erkl\u00e4ren sich solidarisch mit dem Marsch. 70 EU\u2010Abgeordnete reisen an. 200.000 Teilnehmer z\u00e4hlt die Demo. Nun vergleicht Orban Frau von der Leyen sogar mit Leonid Breschnew, der bis 1982 die Sowjetunion regierte: Beide s\u00e4hen Ungarn als untergeordnetes Land. Was ja auch zu formal\u2010juristisch ist, da Orban auf die EU\u2010Gelder nicht verzichten und aus der EU nicht austreten will. Der Kampf um ein christliches Europa geht also weiter. <\/p>\n\n\n\n<p class=\"has-text-align-right\"><em>Buch: <a href=\"https:\/\/christliche-mitte.de\/index.php\/produkt\/wahn-wahnsinn-genderwahn\/\" data-type=\"product\" data-id=\"10129\">Genderwahn <\/a>(5 \u20ac)<\/em><\/p>\n\n\n\n<p><\/p>\n","protected":false},"excerpt":{"rendered":"<p>EU\u2010Kommissarin Ursula von der Leyen (66) k\u00e4mpft f\u00fcr LGBTQ, was wiederum Ungarns Kanzler Orban als liberale Kampf\u2010Ansage betrachtet und gegensteuert. Die diesj\u00e4hrige Homo\u2010Parade in Ungarn verbietet er kurzerhand Ende Juni 25. Pr\u00e4sident Orban ist reformierter Christ, der die Kinder in Budapests Stra\u00dfen vor dem Beispiel Halbnackter sch\u00fctzen will. In der ungarischen Verfassung hat er bereits&hellip;<\/p>\n","protected":false},"author":1,"featured_media":10127,"comment_status":"closed","ping_status":"closed","sticky":false,"template":"","format":"standard","meta":{"footnotes":""},"categories":[63,4],"tags":[],"class_list":["post-10125","post","type-post","status-publish","format-standard","has-post-thumbnail","hentry","category-lebensschutz-aller-menschen","category-kurier-der-christlichen-mitte","entry"],"_links":{"self":[{"href":"https:\/\/christliche-mitte.de\/index.php\/wp-json\/wp\/v2\/posts\/10125","targetHints":{"allow":["GET"]}}],"collection":[{"href":"https:\/\/christliche-mitte.de\/index.php\/wp-json\/wp\/v2\/posts"}],"about":[{"href":"https:\/\/christliche-mitte.de\/index.php\/wp-json\/wp\/v2\/types\/post"}],"author":[{"embeddable":true,"href":"https:\/\/christliche-mitte.de\/index.php\/wp-json\/wp\/v2\/users\/1"}],"replies":[{"embeddable":true,"href":"https:\/\/christliche-mitte.de\/index.php\/wp-json\/wp\/v2\/comments?post=10125"}],"version-history":[{"count":2,"href":"https:\/\/christliche-mitte.de\/index.php\/wp-json\/wp\/v2\/posts\/10125\/revisions"}],"predecessor-version":[{"id":10130,"href":"https:\/\/christliche-mitte.de\/index.php\/wp-json\/wp\/v2\/posts\/10125\/revisions\/10130"}],"wp:featuredmedia":[{"embeddable":true,"href":"https:\/\/christliche-mitte.de\/index.php\/wp-json\/wp\/v2\/media\/10127"}],"wp:attachment":[{"href":"https:\/\/christliche-mitte.de\/index.php\/wp-json\/wp\/v2\/media?parent=10125"}],"wp:term":[{"taxonomy":"category","embeddable":true,"href":"https:\/\/christliche-mitte.de\/index.php\/wp-json\/wp\/v2\/categories?post=10125"},{"taxonomy":"post_tag","embeddable":true,"href":"https:\/\/christliche-mitte.de\/index.php\/wp-json\/wp\/v2\/tags?post=10125"}],"curies":[{"name":"wp","href":"https:\/\/api.w.org\/{rel}","templated":true}]}}