{"id":10069,"date":"2025-07-01T08:00:00","date_gmt":"2025-07-01T06:00:00","guid":{"rendered":"https:\/\/christliche-mitte.de\/?p=10069"},"modified":"2025-06-21T11:57:54","modified_gmt":"2025-06-21T09:57:54","slug":"der-papst-als-loewe","status":"publish","type":"post","link":"https:\/\/christliche-mitte.de\/index.php\/2025\/07\/01\/der-papst-als-loewe\/","title":{"rendered":"Der Papst als L\u00f6we"},"content":{"rendered":"\n<p>Papst Leo XIV. wurde am 8. Mai 2025 gew\u00e4hlt und reiht sich mit seinem Namen in eine Reihe bedeutender P\u00e4pste ein. Der lateinische Begriff \u201eLeo\u201c hei\u00dft im Deutschen \u201eL\u00f6we\u201c.<\/p>\n\n\n\n<p>Unter seinen Vorg\u00e4ngern ist zu erst Papst <strong>Leo I.<\/strong> (440\u2010461) aus der heutigen Toskana, der mutig dem Hunnenk\u00f6nig <strong>Attila <\/strong>entgegentrat und damit Rom rettete. Neben <strong>Gregor I.<\/strong> ist Papst Leo I. der einzige Papst, der in die Geschichte als \u201eder Gro\u00dfe\u201c einging. Als die Hunnen Rom bedrohten, suchte er das pers\u00f6nliche Gespr\u00e4ch mit K\u00f6nig Attila, den er \u00fcberzeugen konnte, zuerst seine Leidenschaften unter Kontrolle zu bringen, statt diese gegen andere einzusetzen. Ein Wunder. Die Hunnen brachen ihre Pl\u00fcnderungen in Italien ab. Leo I. war zudem der erste Bischof von Rom, der den urspr\u00fcnglich f\u00fcr r\u00f6mische Kaiser reservierten Titel \u201ePontifex\u201c (\u201eBr\u00fcckenbauer\u201c) verwendete. Leo I. setzte damit den r\u00f6mischen Primat des Bischofs von Rom \u00fcber alle Bisch\u00f6fe der Westkirche durch.<\/p>\n\n\n\n<p><strong>Leo III. (795 \u2013 816): Kr\u00f6nung Karls des Gro\u00dfen zum Kaiser<\/strong><\/p>\n\n\n\n<p>In Rom stritten die Adelsparteien um das Papstamt. Als Papst <strong>Leo III.<\/strong> am 25. April 799, am Fest des hl. <strong>Marcus<\/strong>, eine liturgische Prozession durchf\u00fchrte, st\u00fcrzten ihn seine Gegner vom Pferd und versuchten, ihn zu blenden und ihm die Zunge abzuschneiden. Er wurde von den Angreifern <strong>Hadrians <\/strong>in ein nahes Kloster gebracht, aus welchem ihm jedoch mit Hilfe seiner Diener die Flucht zum Frankenk\u00f6nig <strong>Karl <\/strong>in Deutschland gelang. In Paderborn trifft er diesen und bittet um Schutz und Hilfe zur Sicherung seines PapstAmtes. Am Weihnachtstag setzt der nach Rom zur\u00fcckgekehrte Papst Karl die Kaiserkrone auf. Es ist das Jahr 800. Karl der Gro\u00dfe wird der erste christliche Kaiser des Abendlandes. Damit ist der Grundstein gelegt f\u00fcr den sp\u00e4teren Machtanspruch r\u00f6mischdeutscher Kaiser.<\/p>\n\n\n\n<p><strong>Leo X. (1513\u20101521): Gegenspieler Luthers<\/strong><\/p>\n\n\n\n<p><strong>Giovanni de Medici<\/strong> aus der ber\u00fchmten Florentiner Familie wird mit Prunksucht in Verbindung gebracht. Als Leo X. f\u00f6rderte er etwa f\u00fcr den Bau des Petersdoms den Abla\u00dfhandel, also den Erla\u00df von S\u00fcndenstrafen nach einer Geldzahlung durch die Gl\u00e4ubigen. Unter anderem dagegen richtete sich der deutsche M\u00f6nch und Theologe <strong>Martin Luther<\/strong> mit seinen 95 Thesen zur Reform der Kirche. Leo X. drohte Luther in der Bulle \u201eExsurge Domine\u201c den Kirchen\u2010Bann an, sollte er seine aus Sicht der Kirche ketzerischen Absichten nicht aufgeben. Doch der Reformator verbrannte das Schreiben \u00f6ffentlich. Daraufhin vollzog der Papst mit der Bulle \u201eDecet Romanum Pontificem\u201c von 1521 die Exkommunikation Luthers aus der katholischen Kirche, was ein wichtiger Schritt zur Abspaltung des protestantischen Christentums war.<\/p>\n\n\n\n<p><strong>Leo XIII. (1878\u20101903): Verfasser der Sozial\u2010Enzyklika<\/strong><\/p>\n\n\n\n<p>Ihm haben wir die Leoninischen Gebete zu verdanken, die er 1886 einf\u00fchrte: Sie werden von Priestern und Gl\u00e4ubigen am Ende jeder stillen Messe (missa tridentina) zur Danksagung vor den Stufen des Altares auf Latein gebetet. Papst Leo <strong>XIII. <\/strong>wurde 93 Jahre alt. Unter seinen 86 Enzykliken (p\u00e4pstlichen Rundschreiben) ist auch seine Sozialenzyklika \u201eRerum novarum\u201c von 1891: Eine Antwort auf die sozialpolitischen Fragen der Industrialisierung mit der Verarmung und Verelendung der Arbeiterschaft im 19. Jahrhunderts. Sie verteidigt das Privateigentum, betont aber zugleich die soziale Verpflichtung, f\u00fcr die Arbeiterschaft zu sorgen.<\/p>\n\n\n\n<p class=\"has-text-align-right\"><em>Sr. M. Anja Henkel <\/em><br><em>Buch: Kleine Papstgeschichte (10 \u20ac)<\/em><\/p>\n","protected":false},"excerpt":{"rendered":"<p>Papst Leo XIV. wurde am 8. Mai 2025 gew\u00e4hlt und reiht sich mit seinem Namen in eine Reihe bedeutender P\u00e4pste ein. Der lateinische Begriff \u201eLeo\u201c hei\u00dft im Deutschen \u201eL\u00f6we\u201c. Unter seinen Vorg\u00e4ngern ist zu erst Papst Leo I. (440\u2010461) aus der heutigen Toskana, der mutig dem Hunnenk\u00f6nig Attila entgegentrat und damit Rom rettete. Neben Gregor&hellip;<\/p>\n","protected":false},"author":1,"featured_media":9955,"comment_status":"closed","ping_status":"closed","sticky":false,"template":"","format":"standard","meta":{"footnotes":""},"categories":[139,4],"tags":[],"class_list":["post-10069","post","type-post","status-publish","format-standard","has-post-thumbnail","hentry","category-geschichte","category-kurier-der-christlichen-mitte","entry"],"_links":{"self":[{"href":"https:\/\/christliche-mitte.de\/index.php\/wp-json\/wp\/v2\/posts\/10069","targetHints":{"allow":["GET"]}}],"collection":[{"href":"https:\/\/christliche-mitte.de\/index.php\/wp-json\/wp\/v2\/posts"}],"about":[{"href":"https:\/\/christliche-mitte.de\/index.php\/wp-json\/wp\/v2\/types\/post"}],"author":[{"embeddable":true,"href":"https:\/\/christliche-mitte.de\/index.php\/wp-json\/wp\/v2\/users\/1"}],"replies":[{"embeddable":true,"href":"https:\/\/christliche-mitte.de\/index.php\/wp-json\/wp\/v2\/comments?post=10069"}],"version-history":[{"count":1,"href":"https:\/\/christliche-mitte.de\/index.php\/wp-json\/wp\/v2\/posts\/10069\/revisions"}],"predecessor-version":[{"id":10070,"href":"https:\/\/christliche-mitte.de\/index.php\/wp-json\/wp\/v2\/posts\/10069\/revisions\/10070"}],"wp:featuredmedia":[{"embeddable":true,"href":"https:\/\/christliche-mitte.de\/index.php\/wp-json\/wp\/v2\/media\/9955"}],"wp:attachment":[{"href":"https:\/\/christliche-mitte.de\/index.php\/wp-json\/wp\/v2\/media?parent=10069"}],"wp:term":[{"taxonomy":"category","embeddable":true,"href":"https:\/\/christliche-mitte.de\/index.php\/wp-json\/wp\/v2\/categories?post=10069"},{"taxonomy":"post_tag","embeddable":true,"href":"https:\/\/christliche-mitte.de\/index.php\/wp-json\/wp\/v2\/tags?post=10069"}],"curies":[{"name":"wp","href":"https:\/\/api.w.org\/{rel}","templated":true}]}}